{"id":24332,"date":"2014-05-28T21:40:00","date_gmt":"2014-05-29T00:40:00","guid":{"rendered":"http:\/\/blitzconquista.com.br\/new\/?p=24332"},"modified":"2014-05-28T21:40:00","modified_gmt":"2014-05-29T00:40:00","slug":"prefeitura-cadastra-empreendedores-interessados-em-comercializar-produtos-durante-o-forro-pe-de-serra-do-periperi","status":"publish","type":"post","link":"https:\/\/blitzconquista.com.br\/?p=24332","title":{"rendered":"Prefeitura cadastra empreendedores interessados em comercializar produtos durante o Forr\u00f3 P\u00e9 de Serra do Periperi"},"content":{"rendered":"<p>O S\u00e3o Jo\u00e3o est\u00e1 chegando e os preparativos para a sexta edi\u00e7\u00e3o do Forr\u00f3 P\u00e9 de Serra do Periperi est\u00e3o seguindo a todo vapor. Este ano, o evento acontece em um novo local, o Centro Glauber Rocha \u2013 Educa\u00e7\u00e3o e Cultura, entre os dias 18 e 24 de junho, e, para que os visitantes tenham mais comodidade, ser\u00e1 montada uma \u00e1rea goumert para a comercializa\u00e7\u00e3o de comidas e bebidas t\u00edpicas, entre outros produtos.<br \/>\nA organiza\u00e7\u00e3o e a fiscaliza\u00e7\u00e3o desse com\u00e9rcio ser\u00e3o feitas pela Secretaria Municipal de Servi\u00e7os P\u00fablicos, e os empreendedores que se interessarem em realizar a montagem de barracas, no Centro Glauber Rocha, durante esse per\u00edodo, podem se dirigir \u00e0 Pra\u00e7a Cat\u00e3o Ferraz, Centro \u2013 em frente ao Ceasa -, durante os dias 2, 3 e 4 de junho, para realizar o cadastro de inten\u00e7\u00e3o. Na ocasi\u00e3o, os comerciantes interessados dever\u00e3o apresentar documento oficial com foto e comprovante de endere\u00e7o atualizado. Mais informa\u00e7\u00f5es podem ser obtidas pelo telefone (77) 3420-7009.<em> *Secom\/PMVC<\/em><\/p>\n","protected":false},"excerpt":{"rendered":"<p>O S\u00e3o Jo\u00e3o est\u00e1 chegando e os preparativos para a sexta edi\u00e7\u00e3o do Forr\u00f3 P\u00e9 de Serra do Periperi est\u00e3o seguindo a todo vapor. Este ano, o evento acontece em um novo local, o Centro Glauber Rocha \u2013 Educa\u00e7\u00e3o e Cultura, entre os dias 18 e 24 de junho, e, para que os visitantes tenham [&hellip;]<\/p>\n","protected":false},"author":1,"featured_media":24333,"comment_status":"open","ping_status":"open","sticky":false,"template":"","format":"standard","meta":[],"categories":[4],"tags":[],"_links":{"self":[{"href":"https:\/\/blitzconquista.com.br\/index.php?rest_route=\/wp\/v2\/posts\/24332"}],"collection":[{"href":"https:\/\/blitzconquista.com.br\/index.php?rest_route=\/wp\/v2\/posts"}],"about":[{"href":"https:\/\/blitzconquista.com.br\/index.php?rest_route=\/wp\/v2\/types\/post"}],"author":[{"embeddable":true,"href":"https:\/\/blitzconquista.com.br\/index.php?rest_route=\/wp\/v2\/users\/1"}],"replies":[{"embeddable":true,"href":"https:\/\/blitzconquista.com.br\/index.php?rest_route=%2Fwp%2Fv2%2Fcomments&post=24332"}],"version-history":[{"count":0,"href":"https:\/\/blitzconquista.com.br\/index.php?rest_route=\/wp\/v2\/posts\/24332\/revisions"}],"wp:featuredmedia":[{"embeddable":true,"href":"https:\/\/blitzconquista.com.br\/index.php?rest_route=\/"}],"wp:attachment":[{"href":"https:\/\/blitzconquista.com.br\/index.php?rest_route=%2Fwp%2Fv2%2Fmedia&parent=24332"}],"wp:term":[{"taxonomy":"category","embeddable":true,"href":"https:\/\/blitzconquista.com.br\/index.php?rest_route=%2Fwp%2Fv2%2Fcategories&post=24332"},{"taxonomy":"post_tag","embeddable":true,"href":"https:\/\/blitzconquista.com.br\/index.php?rest_route=%2Fwp%2Fv2%2Ftags&post=24332"}],"curies":[{"name":"wp","href":"https:\/\/api.w.org\/{rel}","templated":true}]}}