{"id":24338,"date":"2014-05-28T22:09:13","date_gmt":"2014-05-29T01:09:13","guid":{"rendered":"http:\/\/blitzconquista.com.br\/new\/?p=24338"},"modified":"2014-05-28T22:09:13","modified_gmt":"2014-05-29T01:09:13","slug":"opiniao-do-professor-paulo-pires","status":"publish","type":"post","link":"https:\/\/blitzconquista.com.br\/?p=24338","title":{"rendered":"Opini\u00e3o do Professor Paulo Pires"},"content":{"rendered":"<p><strong>GREVE: Um direito real do trabalhador e um erro social do l\u00edder ambicioso<\/strong><\/p>\n<p>Por <em>Paulo Pires<\/em><\/p>\n<p>O instituto da greve ainda permanece como instrumento de reivindica\u00e7\u00e3o ocupacional e \u00e9 fruto de uma das mais sagradas conquistas do trabalhador nas sociedades avan\u00e7adas. Desde sua utiliza\u00e7\u00e3o por trabalhadores franceses, insatisfeitos com os padr\u00f5es de remunera\u00e7\u00e3o salarial e condi\u00e7\u00f5es de trabalho que lhes eram impostas, a greve se apresenta como um instrumento mediador entre a realidade de quem det\u00e9m o Capital e a necessidade de quem oferece o Trabalho.<\/p>\n<p>Todo homem livre, todo trabalhador consciente da import\u00e2ncia de sua atividade profissional, convencido de que seu esfor\u00e7o, seu labor \u00e9 de largo alcance social, tem o direito de exigir que sua ocupa\u00e7\u00e3o e as condi\u00e7\u00f5es a que esteja submetido, sejam as melhores poss\u00edveis e tenham o melhor dos reconhecimentos. At\u00e9 a\u00ed tudo bem.<\/p>\n<p>Ningu\u00e9m de bom senso \u00e9 contra greve. Todavia, h\u00e1 greve e h\u00e1 greves. Aquelas que se notabilizam por estranhas propostas de incendiar \u00f4nibus, queimar patrim\u00f4nios e impedir que outros segmentos da Sociedade se sintam impedidos de ter o sagrado direito constitucional de Ir e Vir, essas, afirmamos categoricamente, n\u00e3o contribuem de forma nenhuma para forma\u00e7\u00e3o e constru\u00e7\u00e3o de uma Sociedade que est\u00e1 em busca de um Mundo Melhor.<\/p>\n<p>No caso da Greve e das paralisa\u00e7\u00f5es de \u00f4nibus em Vit\u00f3ria da Conquista, a Sociedade deve ficar atenta aos grupos pol\u00edticos- sindicais para saber com detalhes, quem est\u00e1 por tr\u00e1s do Movimento, quem s\u00e3o os intransigentes, e quem est\u00e1 propondo a\u00e7\u00f5es delinquentes para incendiar e depredar \u00f4nibus.<\/p>\n<p>Se assim n\u00e3o for feito, se todos n\u00e3o se compenetrarem de suas imensas responsabilidades sociais, os contratempos que poderiam ou poder\u00e3o ser solucionados pela Justi\u00e7a Trabalhista, passar\u00e3o a ser tratados pelo C\u00f3digo Penal. Isso \u00e9 lastim\u00e1vel.<\/p>\n<p>&nbsp;<\/p>\n","protected":false},"excerpt":{"rendered":"<p>GREVE: Um direito real do trabalhador e um erro social do l\u00edder ambicioso Por Paulo Pires O instituto da greve ainda permanece como instrumento de reivindica\u00e7\u00e3o ocupacional e \u00e9 fruto de uma das mais sagradas conquistas do trabalhador nas sociedades avan\u00e7adas. Desde sua utiliza\u00e7\u00e3o por trabalhadores franceses, insatisfeitos com os padr\u00f5es de remunera\u00e7\u00e3o salarial e [&hellip;]<\/p>\n","protected":false},"author":1,"featured_media":24339,"comment_status":"open","ping_status":"open","sticky":false,"template":"","format":"standard","meta":[],"categories":[29],"tags":[],"_links":{"self":[{"href":"https:\/\/blitzconquista.com.br\/index.php?rest_route=\/wp\/v2\/posts\/24338"}],"collection":[{"href":"https:\/\/blitzconquista.com.br\/index.php?rest_route=\/wp\/v2\/posts"}],"about":[{"href":"https:\/\/blitzconquista.com.br\/index.php?rest_route=\/wp\/v2\/types\/post"}],"author":[{"embeddable":true,"href":"https:\/\/blitzconquista.com.br\/index.php?rest_route=\/wp\/v2\/users\/1"}],"replies":[{"embeddable":true,"href":"https:\/\/blitzconquista.com.br\/index.php?rest_route=%2Fwp%2Fv2%2Fcomments&post=24338"}],"version-history":[{"count":0,"href":"https:\/\/blitzconquista.com.br\/index.php?rest_route=\/wp\/v2\/posts\/24338\/revisions"}],"wp:featuredmedia":[{"embeddable":true,"href":"https:\/\/blitzconquista.com.br\/index.php?rest_route=\/"}],"wp:attachment":[{"href":"https:\/\/blitzconquista.com.br\/index.php?rest_route=%2Fwp%2Fv2%2Fmedia&parent=24338"}],"wp:term":[{"taxonomy":"category","embeddable":true,"href":"https:\/\/blitzconquista.com.br\/index.php?rest_route=%2Fwp%2Fv2%2Fcategories&post=24338"},{"taxonomy":"post_tag","embeddable":true,"href":"https:\/\/blitzconquista.com.br\/index.php?rest_route=%2Fwp%2Fv2%2Ftags&post=24338"}],"curies":[{"name":"wp","href":"https:\/\/api.w.org\/{rel}","templated":true}]}}