{"id":24342,"date":"2014-05-28T22:12:10","date_gmt":"2014-05-29T01:12:10","guid":{"rendered":"http:\/\/blitzconquista.com.br\/new\/?p=24342"},"modified":"2014-05-28T22:12:10","modified_gmt":"2014-05-29T01:12:10","slug":"estado-define-compensacao-para-feriados-de-junho","status":"publish","type":"post","link":"https:\/\/blitzconquista.com.br\/?p=24342","title":{"rendered":"Estado define compensa\u00e7\u00e3o para feriados de junho"},"content":{"rendered":"<p>Na pr\u00f3xima semana come\u00e7a o per\u00edodo de compensa\u00e7\u00e3o de horas pelo funcionalismo p\u00fablico estadual, por conta da suspens\u00e3o do expediente nos dias 20 e 23 de junho. A primeira data \u00e9 subsequente ao feriado Corpus Christi (19 de junho) e a segunda, v\u00e9spera de S\u00e3o Jo\u00e3o (24). De acordo com Instru\u00e7\u00e3o Normativa n\u00b0 009\/2014, publicada no Di\u00e1rio Oficial do Estado (DOE) desta ter\u00e7a-feira (27), o cumprimento das horas n\u00e3o trabalhadas ser\u00e1 efetivado em duas etapas, nos meses de junho e julho.<br \/>\nPara a compensa\u00e7\u00e3o do dia 20 de junho, os servidores de \u00f3rg\u00e3os e entidades da administra\u00e7\u00e3o p\u00fablica estadual, com expediente de oito horas di\u00e1rias, ter\u00e3o jornada de trabalho das 8h \u00e0s 18h e redu\u00e7\u00e3o de meia hora no intervalo de 1h30 para o almo\u00e7o. Neste caso, o per\u00edodo de compensa\u00e7\u00e3o compreende os dias \u00fateis de 2 a 11 de junho. J\u00e1 para os servidores submetidos ao turno \u00fanico de trabalho, o expediente ser\u00e1 das 11h \u00e0s 18h e a compensa\u00e7\u00e3o ser\u00e1 efetivada no per\u00edodo \u00fatil entre 2 e 9 de junho.<br \/>\nJ\u00e1 a compensa\u00e7\u00e3o do dia 23 de junho ser\u00e1 cumprida entre os dias 14 e 23 de julho. Os servidores com expediente de oito horas di\u00e1rias realizar\u00e3o a compensa\u00e7\u00e3o no per\u00edodo \u00fatil de 14 a 23 de julho. J\u00e1 os servidores submetidos ao turno \u00fanico de trabalho, efetivar\u00e3o a compensa\u00e7\u00e3o nos dias \u00fateis entre 14 e 21 de julho.<br \/>\nA defini\u00e7\u00e3o da carga hor\u00e1ria di\u00e1ria nos dois casos &#8211; o que inclui in\u00edcio e final do expediente e hor\u00e1rio de almo\u00e7o &#8211; obedecer\u00e1 as mesmas determina\u00e7\u00f5es para a compensa\u00e7\u00e3o do dia 19 de junho.<br \/>\n<em>*Com informa\u00e7\u00f5es da Agecom-Ba.<\/em><\/p>\n","protected":false},"excerpt":{"rendered":"<p>Na pr\u00f3xima semana come\u00e7a o per\u00edodo de compensa\u00e7\u00e3o de horas pelo funcionalismo p\u00fablico estadual, por conta da suspens\u00e3o do expediente nos dias 20 e 23 de junho. A primeira data \u00e9 subsequente ao feriado Corpus Christi (19 de junho) e a segunda, v\u00e9spera de S\u00e3o Jo\u00e3o (24). De acordo com Instru\u00e7\u00e3o Normativa n\u00b0 009\/2014, publicada [&hellip;]<\/p>\n","protected":false},"author":1,"featured_media":24343,"comment_status":"open","ping_status":"open","sticky":false,"template":"","format":"standard","meta":[],"categories":[4],"tags":[],"_links":{"self":[{"href":"https:\/\/blitzconquista.com.br\/index.php?rest_route=\/wp\/v2\/posts\/24342"}],"collection":[{"href":"https:\/\/blitzconquista.com.br\/index.php?rest_route=\/wp\/v2\/posts"}],"about":[{"href":"https:\/\/blitzconquista.com.br\/index.php?rest_route=\/wp\/v2\/types\/post"}],"author":[{"embeddable":true,"href":"https:\/\/blitzconquista.com.br\/index.php?rest_route=\/wp\/v2\/users\/1"}],"replies":[{"embeddable":true,"href":"https:\/\/blitzconquista.com.br\/index.php?rest_route=%2Fwp%2Fv2%2Fcomments&post=24342"}],"version-history":[{"count":0,"href":"https:\/\/blitzconquista.com.br\/index.php?rest_route=\/wp\/v2\/posts\/24342\/revisions"}],"wp:featuredmedia":[{"embeddable":true,"href":"https:\/\/blitzconquista.com.br\/index.php?rest_route=\/"}],"wp:attachment":[{"href":"https:\/\/blitzconquista.com.br\/index.php?rest_route=%2Fwp%2Fv2%2Fmedia&parent=24342"}],"wp:term":[{"taxonomy":"category","embeddable":true,"href":"https:\/\/blitzconquista.com.br\/index.php?rest_route=%2Fwp%2Fv2%2Fcategories&post=24342"},{"taxonomy":"post_tag","embeddable":true,"href":"https:\/\/blitzconquista.com.br\/index.php?rest_route=%2Fwp%2Fv2%2Ftags&post=24342"}],"curies":[{"name":"wp","href":"https:\/\/api.w.org\/{rel}","templated":true}]}}