{"id":24345,"date":"2014-05-28T22:21:12","date_gmt":"2014-05-29T01:21:12","guid":{"rendered":"http:\/\/blitzconquista.com.br\/new\/?p=24345"},"modified":"2014-05-28T22:21:12","modified_gmt":"2014-05-29T01:21:12","slug":"comercio-de-vitoria-da-conquista-deve-contratar-900-trabalhadores-temporarios","status":"publish","type":"post","link":"https:\/\/blitzconquista.com.br\/?p=24345","title":{"rendered":"Com\u00e9rcio de Vit\u00f3ria da Conquista deve contratar 900 trabalhadores tempor\u00e1rios"},"content":{"rendered":"<p>M\u00eas de junho \u00e9 sin\u00f4nimo de muitas vendas, que s\u00e3o antecedidas pelo dia das m\u00e3es, no m\u00eas de maio, uma das datas mais importantes para o com\u00e9rcio. Vit\u00f3ria da Conquista, tem tradi\u00e7\u00e3o de atrair um grande fluxo de clientes neste per\u00edodo. <a href=\"http:\/\/blitzconquista.com.br\/new\/wp-content\/uploads\/2014\/05\/guimaraes-viana.jpg\"><img decoding=\"async\" loading=\"lazy\" class=\"wp-image-24346 alignleft\" src=\"http:\/\/blitzconquista.com.br\/new\/wp-content\/uploads\/2014\/05\/guimaraes-viana.jpg\" alt=\"guimaraes viana\" width=\"240\" height=\"121\" \/><\/a>Para atender a demanda os lojistas investem nas contrata\u00e7\u00f5es tempor\u00e1rias. De acordo com o sindicato dos comerci\u00e1rios a expectativa \u00e9 de que o n\u00famero de contra\u00e7\u00f5es chegue entre 900 e 1000 funcion\u00e1rios tempor\u00e1rios: &#8220;Esse n\u00famero corresponde ao mesmo do ano passado. A \u00fanica coisa que nos preocupa um pouco \u00e9 a Copa, por conta do per\u00edodo que as lojas ficar\u00e3o fechadas&#8221;, diz Guimar\u00e3es Viana, vice-presidente do sindicato dos rodovi\u00e1rios. O trabalho tempor\u00e1rio no com\u00e9rcio, pode ser uma boa oportunidade para quem procura emprego pois, depois do per\u00edodo de experi\u00eancia, cerca de 3 meses, existe a possibilidade do funcion\u00e1rio ser efetivado.<\/p>\n","protected":false},"excerpt":{"rendered":"<p>M\u00eas de junho \u00e9 sin\u00f4nimo de muitas vendas, que s\u00e3o antecedidas pelo dia das m\u00e3es, no m\u00eas de maio, uma das datas mais importantes para o com\u00e9rcio. Vit\u00f3ria da Conquista, tem tradi\u00e7\u00e3o de atrair um grande fluxo de clientes neste per\u00edodo. Para atender a demanda os lojistas investem nas contrata\u00e7\u00f5es tempor\u00e1rias. De acordo com o [&hellip;]<\/p>\n","protected":false},"author":1,"featured_media":24347,"comment_status":"open","ping_status":"open","sticky":false,"template":"","format":"standard","meta":[],"categories":[4],"tags":[],"_links":{"self":[{"href":"https:\/\/blitzconquista.com.br\/index.php?rest_route=\/wp\/v2\/posts\/24345"}],"collection":[{"href":"https:\/\/blitzconquista.com.br\/index.php?rest_route=\/wp\/v2\/posts"}],"about":[{"href":"https:\/\/blitzconquista.com.br\/index.php?rest_route=\/wp\/v2\/types\/post"}],"author":[{"embeddable":true,"href":"https:\/\/blitzconquista.com.br\/index.php?rest_route=\/wp\/v2\/users\/1"}],"replies":[{"embeddable":true,"href":"https:\/\/blitzconquista.com.br\/index.php?rest_route=%2Fwp%2Fv2%2Fcomments&post=24345"}],"version-history":[{"count":0,"href":"https:\/\/blitzconquista.com.br\/index.php?rest_route=\/wp\/v2\/posts\/24345\/revisions"}],"wp:featuredmedia":[{"embeddable":true,"href":"https:\/\/blitzconquista.com.br\/index.php?rest_route=\/"}],"wp:attachment":[{"href":"https:\/\/blitzconquista.com.br\/index.php?rest_route=%2Fwp%2Fv2%2Fmedia&parent=24345"}],"wp:term":[{"taxonomy":"category","embeddable":true,"href":"https:\/\/blitzconquista.com.br\/index.php?rest_route=%2Fwp%2Fv2%2Fcategories&post=24345"},{"taxonomy":"post_tag","embeddable":true,"href":"https:\/\/blitzconquista.com.br\/index.php?rest_route=%2Fwp%2Fv2%2Ftags&post=24345"}],"curies":[{"name":"wp","href":"https:\/\/api.w.org\/{rel}","templated":true}]}}