{"id":24422,"date":"2014-05-31T03:18:49","date_gmt":"2014-05-31T06:18:49","guid":{"rendered":"http:\/\/blitzconquista.com.br\/new\/?p=24422"},"modified":"2014-05-31T03:18:49","modified_gmt":"2014-05-31T06:18:49","slug":"abertas-inscricoes-para-processo-seletivo-da-defensoria-publica-da-bahia","status":"publish","type":"post","link":"https:\/\/blitzconquista.com.br\/?p=24422","title":{"rendered":"Abertas inscri\u00e7\u00f5es para processo seletivo da Defensoria P\u00fablica da Bahia"},"content":{"rendered":"<p>Come\u00e7am nesta sexta-feira (30) as inscri\u00e7\u00f5es para o processo seletivo da Defensoria P\u00fablica da Bahia, de contrata\u00e7\u00e3o tempor\u00e1ria em Regime Especial de Direito Administrativo &#8211; Reda, com 52 vagas destinadas ao cargo de Analista T\u00e9cnico e 43 de Agente Administrativo. As oportunidades s\u00e3o para as \u00e1reas de Administra\u00e7\u00e3o, Arquivologia, Arquitetura, Biblioteconomia, Ci\u00eancias Cont\u00e1beis, Ci\u00eancia da Computa\u00e7\u00e3o, Direito, Estat\u00edstica, Jornalismo, Pedagogia, Psicologia, Secretariado Executivo e Servi\u00e7o Social, e para aqueles com ensino m\u00e9dio completo. As provas ser\u00e3o realizadas no dia 15 de junho, em Salvador.<br \/>\nA carga hor\u00e1ria de trabalho \u00e9 de 40 horas semanais, e a remunera\u00e7\u00e3o varia de R$ 1.239,41, para Agentes Administrativos de N\u00edvel M\u00e9dio, a R$ 2.413,59, para Analistas de N\u00edvel Superior. H\u00e1 vagas para Salvador e Regi\u00e3o Metropolitana, e para as cidades de Feira de Santana, Ilh\u00e9us, Itabuna, Juazeiro, Santo Ant\u00f4nio de Jesus, Vit\u00f3ria da Conquista, Alagoinhas, Esplanada, Guanambi, Itapetinga, Jacobina, Jequi\u00e9, Paulo Afonso, Porto Seguro, Santo Amaro, Serrinha, Teixeira de Freitas e Valen\u00e7a. O contrato de trabalho \u00e9 v\u00e1lido por um per\u00edodo de dois anos, permitida a prorroga\u00e7\u00e3o, uma \u00fanica vez, por igual per\u00edodo.<br \/>\nAs inscri\u00e7\u00f5es s\u00e3o feitas no site da Consultec, organizadora do certame e seguem at\u00e9 o dia 8 de junho. A taxa de inscri\u00e7\u00e3o \u00e9 de R$ 55,00 para a fun\u00e7\u00e3o de Analista T\u00e9cnico e R$ 45,00 para Agente Administrativo.<br \/>\n<em>*Com informa\u00e7\u00f5es da Agecom-ba.<\/em><\/p>\n","protected":false},"excerpt":{"rendered":"<p>Come\u00e7am nesta sexta-feira (30) as inscri\u00e7\u00f5es para o processo seletivo da Defensoria P\u00fablica da Bahia, de contrata\u00e7\u00e3o tempor\u00e1ria em Regime Especial de Direito Administrativo &#8211; Reda, com 52 vagas destinadas ao cargo de Analista T\u00e9cnico e 43 de Agente Administrativo. As oportunidades s\u00e3o para as \u00e1reas de Administra\u00e7\u00e3o, Arquivologia, Arquitetura, Biblioteconomia, Ci\u00eancias Cont\u00e1beis, Ci\u00eancia da [&hellip;]<\/p>\n","protected":false},"author":1,"featured_media":23863,"comment_status":"open","ping_status":"open","sticky":false,"template":"","format":"standard","meta":[],"categories":[4],"tags":[],"_links":{"self":[{"href":"https:\/\/blitzconquista.com.br\/index.php?rest_route=\/wp\/v2\/posts\/24422"}],"collection":[{"href":"https:\/\/blitzconquista.com.br\/index.php?rest_route=\/wp\/v2\/posts"}],"about":[{"href":"https:\/\/blitzconquista.com.br\/index.php?rest_route=\/wp\/v2\/types\/post"}],"author":[{"embeddable":true,"href":"https:\/\/blitzconquista.com.br\/index.php?rest_route=\/wp\/v2\/users\/1"}],"replies":[{"embeddable":true,"href":"https:\/\/blitzconquista.com.br\/index.php?rest_route=%2Fwp%2Fv2%2Fcomments&post=24422"}],"version-history":[{"count":0,"href":"https:\/\/blitzconquista.com.br\/index.php?rest_route=\/wp\/v2\/posts\/24422\/revisions"}],"wp:featuredmedia":[{"embeddable":true,"href":"https:\/\/blitzconquista.com.br\/index.php?rest_route=\/"}],"wp:attachment":[{"href":"https:\/\/blitzconquista.com.br\/index.php?rest_route=%2Fwp%2Fv2%2Fmedia&parent=24422"}],"wp:term":[{"taxonomy":"category","embeddable":true,"href":"https:\/\/blitzconquista.com.br\/index.php?rest_route=%2Fwp%2Fv2%2Fcategories&post=24422"},{"taxonomy":"post_tag","embeddable":true,"href":"https:\/\/blitzconquista.com.br\/index.php?rest_route=%2Fwp%2Fv2%2Ftags&post=24422"}],"curies":[{"name":"wp","href":"https:\/\/api.w.org\/{rel}","templated":true}]}}