{"id":24538,"date":"2014-06-04T18:17:51","date_gmt":"2014-06-04T21:17:51","guid":{"rendered":"http:\/\/blitzconquista.com.br\/new\/?p=24538"},"modified":"2014-06-04T18:17:51","modified_gmt":"2014-06-04T21:17:51","slug":"vereadores-comemoram-dia-mundial-do-enfermeiro","status":"publish","type":"post","link":"https:\/\/blitzconquista.com.br\/?p=24538","title":{"rendered":"Vereadores comemoram Dia Mundial do Enfermeiro"},"content":{"rendered":"<p><strong>A sess\u00e3o foi uma iniciativa do mandato do vereador Gilzete Moreira (PSB).<\/strong><\/p>\n<p>Por iniciativa do mandato do vereador Gilzete Moreira (PSB), a C\u00e2mara Municipal realizou sess\u00e3o especial nesta quarta-feira (4), para homenagear o Dia Mundial do Enfermeiro. Na oportunidade, os parlamentares exaltaram a import\u00e2ncia dos enfermeiros e destacaram o trabalho realizado por esses profissionais.<\/p>\n<p><img decoding=\"async\" loading=\"lazy\" class=\"alignleft\" src=\"http:\/\/img.camaravc.com.br\/images\/2014\/Sess%C3%B5es\/06%20-%20Junho\/04_Jun_14%20-%20Especial%20Dia%20Mundial%20do%20Enfermeiro\/enfermeiros04_Jun28.jpg\" alt=\"\" width=\"222\" height=\"147\" \/>Para o vereador Arlindo Rebou\u00e7as (PROS) mesmo com a sess\u00e3o especial em homenagem ao Dia Mundial do Enfermeiro, os profissionais da \u00e1rea n\u00e3o t\u00eam muito a comemorar, pois, segundo ele, os enfermeiros sofrem com baixos sal\u00e1rios e carga hor\u00e1ria excessiva. Segundo o parlamentar, os enfermeiros que trabalham no corredor do Hospital de Base n\u00e3o podem fazer \u201cfesta\u201d, pois vivem um triste momento. \u201cCorrem o risco de pegar uma infec\u00e7\u00e3o hospitalar. Quem conhece aquele Hospital de Base n\u00e3o pode dizer que \u00e9 bem administrado, aquilo \u00e9 um \u2018corredor do inferno\u2019. Um munic\u00edpio em que o prefeito e o vice-prefeito s\u00e3o m\u00e9dicos, onde a secret\u00e1ria de Sa\u00fade \u00e9 enfermeira, e n\u00f3s temos um dos piores \u00edndices da sa\u00fade do pa\u00eds, \u00e9 de lamentar. O caos \u00e9 no Brasil inteiro, mas em Conquista \u00e9 pior porque os dirigentes s\u00e3o m\u00e9dicos\u201d. Ainda em sua fala, o l\u00edder da oposi\u00e7\u00e3o denunciou que a Funda\u00e7\u00e3o de Sa\u00fade Esa\u00fa Matos n\u00e3o est\u00e1 pagando seus funcion\u00e1rios e est\u00e1 desrespeitando a carga hor\u00e1ria dos funcion\u00e1rios, afirmando que vai apurar o caso.<\/p>\n<p><img decoding=\"async\" loading=\"lazy\" class=\"alignright\" src=\"http:\/\/img.camaravc.com.br\/images\/2014\/Sess%C3%B5es\/06%20-%20Junho\/04_Jun_14%20-%20Especial%20Dia%20Mundial%20do%20Enfermeiro\/enfermeiros04_Jun33.jpg\" alt=\"\" width=\"221\" height=\"146\" \/>Filho de uma ex-t\u00e9cnica de enfermagem, o vereador Florisvaldo Bittencourt (PT), l\u00edder do Governo, parabenizou o colega Gilzete Moreira (PSB) pela iniciativa e disse que conhece a realidade dos profissionais dessa \u00e1rea, pois durante anos ouviu os relatos de sua m\u00e3e, que deixou a atividade por conta de tr\u00eas h\u00e9rnias de disco e problemas card\u00edacos. \u201cPodemos dizer que a enfermagem \u00e9 quem alimenta e zela pela medicina no universo como um todo, na Bahia n\u00e3o \u00e9 diferente, o enfermeiro ou enfermeira \u00e9 o grande catalizador, quem assume o desespero do paciente, a press\u00e3o dos familiares e a defici\u00eancia da estrutura hospitalar, \u00e9 sobre esse profissional que recaem todas as defici\u00eancias e mais a responsabilidade do tratamento, se o rem\u00e9dio foi mal administrado ou n\u00e3o surtiu efeito, a culpa \u00e9 do enfermeiro, se ocorreu o contr\u00e1rio, o m\u00e9rito \u00e9 do m\u00e9dico\u201d, disse, lembrando que o servi\u00e7o de enfermagem vai da aten\u00e7\u00e3o b\u00e1sica at\u00e9 a alta complexidade, sendo fundamental na presta\u00e7\u00e3o do servi\u00e7o de sa\u00fade.<\/p>\n<p><img decoding=\"async\" loading=\"lazy\" class=\"alignleft\" src=\"http:\/\/img.camaravc.com.br\/images\/2014\/Sess%C3%B5es\/06%20-%20Junho\/04_Jun_14%20-%20Especial%20Dia%20Mundial%20do%20Enfermeiro\/enfermeiros04_Jun36.jpg\" alt=\"\" width=\"220\" height=\"146\" \/>O vereador Ricardo Bab\u00e3o (PSL) iniciou seu pronunciamento dizendo que a sess\u00e3o em Homenagem ao Dia Mundial do Enfermeiro \u00e9 um momento importante para debater quest\u00f5es que afetam o dia a dia desses profissionais t\u00e3o importantes para o atendimento \u00e0 sa\u00fade no mundo inteiro. \u201cN\u00e3o podemos imaginar a administra\u00e7\u00e3o hospitalar sem a presen\u00e7a e efici\u00eancia do profissional de enfermagem, sabemos que existem muitas dificuldades, mas, independente de sal\u00e1rios e sobrecarga de servi\u00e7o, eles trabalham com amor, carinho e dedica\u00e7\u00e3o ao pr\u00f3ximo\u201d, disse.<\/p>\n<p>Conforme o vereador, os problemas existem e precisam ser reconhecidos, mas n\u00e3o se pode negar que a sa\u00fade em Vit\u00f3ria da Conquista melhorou de 1997 para c\u00e1. \u201cO ex-presidente Lula disse em um discurso que n\u00e3o podemos mostrar o copo vazio, temos que mostrar o copo cheio tamb\u00e9m\u201d, salientou, acrescentando que o Hospital Regional oferece atendimento interno e externo, por meio dos leitos domiciliares, entre in\u00fameros outros atendimentos. \u201cFico feliz em ter uma enfermeira na dire\u00e7\u00e3o do HGVC e outra gerindo a Secretaria de Sa\u00fade, mulheres competentes que representam bem a categoria em Vit\u00f3ria da Conquista. Digo mais: considero imposs\u00edvel oferecer sa\u00fade de qualidade sem o servi\u00e7o de enfermagem, por isso entendemos que o dia do enfermeiro \u00e9 todo dia, pois a presen\u00e7a deles \u00e9 di\u00e1ria, constante e necess\u00e1ria em qualquer hospital\u201d.<\/p>\n<p><img decoding=\"async\" loading=\"lazy\" class=\"alignright\" src=\"http:\/\/img.camaravc.com.br\/images\/2014\/Sess%C3%B5es\/06%20-%20Junho\/04_Jun_14%20-%20Especial%20Dia%20Mundial%20do%20Enfermeiro\/enfermeiros04_Jun43.jpg\" alt=\"\" width=\"231\" height=\"153\" \/>O vereador Juv\u00eancio da Sa\u00fade (PV) parabenizou o vereador Gilzete Moreira pela homenagem ao Dia Mundial do Enfermeiro e destacou a import\u00e2ncia da sess\u00e3o especial. \u201cEsta categoria \u00e9 um pilar da sa\u00fade e \u00e0s vezes \u00e9 invis\u00edvel. N\u00e3o entendo o porqu\u00ea de a categoria ainda n\u00e3o ser reconhecida como deveria ser. O t\u00e9cnico de enfermagem trabalha a semana toda e ganha 700 reais, um enfermeiro graduado trabalha 12 horas por dia para ganhar 1.200 reais\u201d.<\/p>\n<p>Segundo o parlamentar, \u00e9 necess\u00e1rio um plano de carreira que beneficie de fato a categoria que \u201cdedica a vida ao pr\u00f3ximo\u201d. Ainda em sua fala, Juv\u00eancio da Sa\u00fade comentou que sabe das dificuldades enfrentadas pelo Hospital de Base, e explicou que os munic\u00edpios vizinhos muitas vezes enviam pacientes para Vit\u00f3ria da Conquista, o que prejudica a popula\u00e7\u00e3o conquistense. \u201cTemos que tomar uma provid\u00eancia, porque esses munic\u00edpios recebem recursos para tratar da sua popula\u00e7\u00e3o\u201d.<br \/>\n<em>*Por Fl\u00e1via Rezende \/ Bia Oliveira \/ ASCOMCV<\/em><\/p>\n","protected":false},"excerpt":{"rendered":"<p>A sess\u00e3o foi uma iniciativa do mandato do vereador Gilzete Moreira (PSB). Por iniciativa do mandato do vereador Gilzete Moreira (PSB), a C\u00e2mara Municipal realizou sess\u00e3o especial nesta quarta-feira (4), para homenagear o Dia Mundial do Enfermeiro. Na oportunidade, os parlamentares exaltaram a import\u00e2ncia dos enfermeiros e destacaram o trabalho realizado por esses profissionais. Para [&hellip;]<\/p>\n","protected":false},"author":1,"featured_media":24539,"comment_status":"open","ping_status":"open","sticky":false,"template":"","format":"standard","meta":[],"categories":[5,30],"tags":[],"_links":{"self":[{"href":"https:\/\/blitzconquista.com.br\/index.php?rest_route=\/wp\/v2\/posts\/24538"}],"collection":[{"href":"https:\/\/blitzconquista.com.br\/index.php?rest_route=\/wp\/v2\/posts"}],"about":[{"href":"https:\/\/blitzconquista.com.br\/index.php?rest_route=\/wp\/v2\/types\/post"}],"author":[{"embeddable":true,"href":"https:\/\/blitzconquista.com.br\/index.php?rest_route=\/wp\/v2\/users\/1"}],"replies":[{"embeddable":true,"href":"https:\/\/blitzconquista.com.br\/index.php?rest_route=%2Fwp%2Fv2%2Fcomments&post=24538"}],"version-history":[{"count":0,"href":"https:\/\/blitzconquista.com.br\/index.php?rest_route=\/wp\/v2\/posts\/24538\/revisions"}],"wp:featuredmedia":[{"embeddable":true,"href":"https:\/\/blitzconquista.com.br\/index.php?rest_route=\/"}],"wp:attachment":[{"href":"https:\/\/blitzconquista.com.br\/index.php?rest_route=%2Fwp%2Fv2%2Fmedia&parent=24538"}],"wp:term":[{"taxonomy":"category","embeddable":true,"href":"https:\/\/blitzconquista.com.br\/index.php?rest_route=%2Fwp%2Fv2%2Fcategories&post=24538"},{"taxonomy":"post_tag","embeddable":true,"href":"https:\/\/blitzconquista.com.br\/index.php?rest_route=%2Fwp%2Fv2%2Ftags&post=24538"}],"curies":[{"name":"wp","href":"https:\/\/api.w.org\/{rel}","templated":true}]}}