{"id":24862,"date":"2014-06-13T01:15:51","date_gmt":"2014-06-13T04:15:51","guid":{"rendered":"http:\/\/blitzconquista.com.br\/new\/?p=24862"},"modified":"2014-06-13T01:15:51","modified_gmt":"2014-06-13T04:15:51","slug":"cepis-e-senac-certificam-1o-turma","status":"publish","type":"post","link":"https:\/\/blitzconquista.com.br\/?p=24862","title":{"rendered":"CEPIS e SENAC certificam 1\u00ba Turma"},"content":{"rendered":"<p>Em uma noite de festa para a comunidade da URBIS VI e bairros vizinhos o CEPIS e o SENAC certificaram a 1\u00ba turma do conv\u00eanio existente para a capacita\u00e7\u00e3o de pessoas no bairro, o evento tamb\u00e9m contou com a participa\u00e7\u00e3o das turmas de Jud\u00f4 e Bal\u00e9 do conv\u00eanio da Associa\u00e7\u00e3o de Moradores da URBIS VI e UESB e marcou o encerramento das atividades no 1\u00ba semestre de 2014.<\/p>\n<p>O presidente do CEPIS, Hernando Amaral falou sobre a import\u00e2ncia do conv\u00eanio com o Senac para a comunidade: \u201cA parceria CEPIS e SENAC \u00e9 algo fant\u00e1stico, que vem para enriquecer ainda mais o nosso conv\u00edvio dentro desta comunidade, mais cursos vir\u00e3o e mais oportunidades\u201d, afirmou.<\/p>\n<p><a href=\"http:\/\/blitzconquista.com.br\/new\/wp-content\/uploads\/2014\/06\/58631_708429752546720_8515288191403295052_n-300x199.jpg\"><img decoding=\"async\" loading=\"lazy\" class=\"wp-image-24863 alignleft\" src=\"http:\/\/blitzconquista.com.br\/new\/wp-content\/uploads\/2014\/06\/58631_708429752546720_8515288191403295052_n-300x199.jpg\" alt=\"58631_708429752546720_8515288191403295052_n-300x199\" width=\"229\" height=\"152\" \/><\/a>A coordenadora do SENAC, Iracilma Oliveira, afirmou que o SENAC est\u00e1 de portas abertas para a comunidade de Vit\u00f3ria da Conquista e espera que novos cursos cheguem para a comunidade da URBIS VI: \u201cVamos trabalhar para que este momento se repita v\u00e1rias vezes nesta comunidade\u201d, destacou.<\/p>\n<p>O presidente da C\u00e2mara Municipal, vereador Fernando Jacar\u00e9, um dos principais apoiadores do CEPIS, da Associa\u00e7\u00e3o de Moradores da URBIS VI e do Centro Comunit\u00e1rio Dulce Fausta Leal destacou a concretiza\u00e7\u00e3o do sonho de oferecer a comunidade acesso \u00e1 cursos de capacita\u00e7\u00e3o profissional: \u201cA constru\u00e7\u00e3o deste Centro Comunit\u00e1rio, da Biblioteca Comunit\u00e1ria, do Posto Policial, tudo isso foi feito gra\u00e7as a participa\u00e7\u00e3o coletiva da comunidade, foi muita luta, muito suor de muita gente colocado aqui dentro, desde o come\u00e7o em que realiz\u00e1vamos mutir\u00f5es para erguemos as primeiras paredes e agora est\u00e1 aqui e entregar estes certificados \u00e9, de fato, a concretiza\u00e7\u00e3o de um sonho, um sonho que tenho certeza que \u00e9 de toda comunidade. Vamos continuar na luta para que a oferta de cursos, a estrutura se torne ainda maior\u201d, destacou o parlamentar.<\/p>\n<p>24 alunas foram certificadas nos cursos de Pizza, Salgados Para Coquet\u00e9is e Bolos Art\u00edsticos, no total foram entregues 46 certificados profissionalizantes.<\/p>\n<p>Participaram da solenidade o deputado federal Waldenor Pereira, a pr\u00f3-reitora de extens\u00e3o da UESB Maria Madalena Souza, o secret\u00e1rio de Trabalho e Renda do munic\u00edpio Gildelson Felicio, a coordenadora do Centro de Extens\u00e3o da UESB Karine Cavalcante, o gerente do Grupo DASS, Gilvan Oliveira, o supervisor da Brasilg\u00e1s Ricardo Fonseca.<\/p>\n<p>Parceiros como a Faculdade Mauricio de Nassau, SESI, Grupo Brasil Kirin tamb\u00e9m enviaram representantes para prestigiar esta grande festa de toda comunidade.<\/p>\n<p><em>*Assessoria Fernando Jacar\u00e9<\/em><\/p>\n","protected":false},"excerpt":{"rendered":"<p>Em uma noite de festa para a comunidade da URBIS VI e bairros vizinhos o CEPIS e o SENAC certificaram a 1\u00ba turma do conv\u00eanio existente para a capacita\u00e7\u00e3o de pessoas no bairro, o evento tamb\u00e9m contou com a participa\u00e7\u00e3o das turmas de Jud\u00f4 e Bal\u00e9 do conv\u00eanio da Associa\u00e7\u00e3o de Moradores da URBIS VI [&hellip;]<\/p>\n","protected":false},"author":1,"featured_media":24864,"comment_status":"open","ping_status":"closed","sticky":false,"template":"","format":"standard","meta":[],"categories":[4,28],"tags":[],"_links":{"self":[{"href":"https:\/\/blitzconquista.com.br\/index.php?rest_route=\/wp\/v2\/posts\/24862"}],"collection":[{"href":"https:\/\/blitzconquista.com.br\/index.php?rest_route=\/wp\/v2\/posts"}],"about":[{"href":"https:\/\/blitzconquista.com.br\/index.php?rest_route=\/wp\/v2\/types\/post"}],"author":[{"embeddable":true,"href":"https:\/\/blitzconquista.com.br\/index.php?rest_route=\/wp\/v2\/users\/1"}],"replies":[{"embeddable":true,"href":"https:\/\/blitzconquista.com.br\/index.php?rest_route=%2Fwp%2Fv2%2Fcomments&post=24862"}],"version-history":[{"count":0,"href":"https:\/\/blitzconquista.com.br\/index.php?rest_route=\/wp\/v2\/posts\/24862\/revisions"}],"wp:featuredmedia":[{"embeddable":true,"href":"https:\/\/blitzconquista.com.br\/index.php?rest_route=\/"}],"wp:attachment":[{"href":"https:\/\/blitzconquista.com.br\/index.php?rest_route=%2Fwp%2Fv2%2Fmedia&parent=24862"}],"wp:term":[{"taxonomy":"category","embeddable":true,"href":"https:\/\/blitzconquista.com.br\/index.php?rest_route=%2Fwp%2Fv2%2Fcategories&post=24862"},{"taxonomy":"post_tag","embeddable":true,"href":"https:\/\/blitzconquista.com.br\/index.php?rest_route=%2Fwp%2Fv2%2Ftags&post=24862"}],"curies":[{"name":"wp","href":"https:\/\/api.w.org\/{rel}","templated":true}]}}