{"id":25402,"date":"2014-07-03T00:56:54","date_gmt":"2014-07-03T03:56:54","guid":{"rendered":"http:\/\/blitzconquista.com.br\/new\/?p=25402"},"modified":"2014-07-03T00:56:54","modified_gmt":"2014-07-03T03:56:54","slug":"operadoras-serao-responsaveis-por-bloqueio-de-sinal-em-penitenciarias","status":"publish","type":"post","link":"https:\/\/blitzconquista.com.br\/?p=25402","title":{"rendered":"Operadoras ser\u00e3o respons\u00e1veis por bloqueio de sinal em penitenciarias"},"content":{"rendered":"<p>A Assembleia Legislativa da Bahia aprovou no final da tarde desta segunda-feira (30), por unanimidade, o Projeto de Lei 20339\/2013 que obriga as operadoras de telefonia celular a instalarem, por sua conta, bloqueadores de sinal nos pres\u00eddios baianos. Autor da proposta, o deputado estadual Marcelino Galo (PT) negociou a aprova\u00e7\u00e3o do requerimento de urg\u00eancia junto aos l\u00edderes de bancadas e teve o apoio de todos os parlamentares.\u00a0A nova lei entrar\u00e1 em vigor assim que for sancionada pelo governador Jaques Wagner, mas, a exemplo do que ocorreu em outros estados Marcelino j\u00e1 prev\u00ea rea\u00e7\u00e3o das empresas de telefonia. \u201cA aprova\u00e7\u00e3o j\u00e1 foi um passo importante, mas ser\u00e1 necess\u00e1rio mobilizar a imprensa e a sociedade para pressionar as empresas a n\u00e3o recorrerem \u00e0 Justi\u00e7a para fugir a essa obriga\u00e7\u00e3o\u201d, prev\u00ea o deputado. Segundo Marcelino, grande parte das a\u00e7\u00f5es do crime organizado em todo o Pa\u00eds parte de dentro dos pres\u00eddios, \u201conde os l\u00edderes de quadrilhas e seus comparsas deveriam estar completamente isolados da sociedade\u201d.<\/p>\n","protected":false},"excerpt":{"rendered":"<p>A Assembleia Legislativa da Bahia aprovou no final da tarde desta segunda-feira (30), por unanimidade, o Projeto de Lei 20339\/2013 que obriga as operadoras de telefonia celular a instalarem, por sua conta, bloqueadores de sinal nos pres\u00eddios baianos. Autor da proposta, o deputado estadual Marcelino Galo (PT) negociou a aprova\u00e7\u00e3o do requerimento de urg\u00eancia junto [&hellip;]<\/p>\n","protected":false},"author":1,"featured_media":25403,"comment_status":"open","ping_status":"closed","sticky":false,"template":"","format":"standard","meta":[],"categories":[3,5],"tags":[],"_links":{"self":[{"href":"https:\/\/blitzconquista.com.br\/index.php?rest_route=\/wp\/v2\/posts\/25402"}],"collection":[{"href":"https:\/\/blitzconquista.com.br\/index.php?rest_route=\/wp\/v2\/posts"}],"about":[{"href":"https:\/\/blitzconquista.com.br\/index.php?rest_route=\/wp\/v2\/types\/post"}],"author":[{"embeddable":true,"href":"https:\/\/blitzconquista.com.br\/index.php?rest_route=\/wp\/v2\/users\/1"}],"replies":[{"embeddable":true,"href":"https:\/\/blitzconquista.com.br\/index.php?rest_route=%2Fwp%2Fv2%2Fcomments&post=25402"}],"version-history":[{"count":0,"href":"https:\/\/blitzconquista.com.br\/index.php?rest_route=\/wp\/v2\/posts\/25402\/revisions"}],"wp:featuredmedia":[{"embeddable":true,"href":"https:\/\/blitzconquista.com.br\/index.php?rest_route=\/"}],"wp:attachment":[{"href":"https:\/\/blitzconquista.com.br\/index.php?rest_route=%2Fwp%2Fv2%2Fmedia&parent=25402"}],"wp:term":[{"taxonomy":"category","embeddable":true,"href":"https:\/\/blitzconquista.com.br\/index.php?rest_route=%2Fwp%2Fv2%2Fcategories&post=25402"},{"taxonomy":"post_tag","embeddable":true,"href":"https:\/\/blitzconquista.com.br\/index.php?rest_route=%2Fwp%2Fv2%2Ftags&post=25402"}],"curies":[{"name":"wp","href":"https:\/\/api.w.org\/{rel}","templated":true}]}}