{"id":25584,"date":"2014-07-07T13:50:59","date_gmt":"2014-07-07T16:50:59","guid":{"rendered":"http:\/\/blitzconquista.com.br\/new\/?p=25584"},"modified":"2014-07-07T13:50:59","modified_gmt":"2014-07-07T16:50:59","slug":"comunidade-da-limeira-recebe-unidade-de-despolpamento-de-cafe","status":"publish","type":"post","link":"https:\/\/blitzconquista.com.br\/?p=25584","title":{"rendered":"Comunidade da Limeira recebe Unidade de Despolpamento de Caf\u00e9"},"content":{"rendered":"<p>A regi\u00e3o da Limeira \u00e9 uma das principais produtoras de caf\u00e9 de Vit\u00f3ria da Conquista. Parte dessa produ\u00e7\u00e3o \u00e9 feita por pequenos agricultores, que n\u00e3o contavam com maquin\u00e1rio adequado e com orienta\u00e7\u00f5es t\u00e9cnicas suficientes para melhorar o resultado final. Para mudar essa realidade, a Prefeitura de Vit\u00f3ria da Conquista entregou a esta comunidade uma Unidade de Produ\u00e7\u00e3o Familiar de Caf\u00e9s Especiais, no povoado de Lajedinho, nesse s\u00e1bado, 5.<br \/>\n<img decoding=\"async\" loading=\"lazy\" class=\"aligncenter\" src=\"http:\/\/www.pmvc.ba.gov.br\/v2\/wp-content\/uploads\/IMG_0073-598x399.jpg\" alt=\"\" width=\"433\" height=\"289\" \/><\/p>\n<p>A constru\u00e7\u00e3o da unidade \u00e9 fruto de uma luta coletiva, iniciada ap\u00f3s solicita\u00e7\u00e3o dos moradores e produtores de caf\u00e9 da regi\u00e3o ao ent\u00e3o deputado federal Guilherme Menezes, em 2008. O projeto foi viabilizado pelo Munic\u00edpio em parceria com o Governo Federal, por meio do Minist\u00e9rio da Ci\u00eancia, Tecnologia e Inova\u00e7\u00e3o. Agora, a unidade entra em funcionamento sendo gerida por uma comiss\u00e3o formada por pessoas escolhidas pela comunidade e com o apoio da Secretaria Municipal de Agricultura.<br \/>\n<em>*Secom<\/em><\/p>\n","protected":false},"excerpt":{"rendered":"<p>A regi\u00e3o da Limeira \u00e9 uma das principais produtoras de caf\u00e9 de Vit\u00f3ria da Conquista. Parte dessa produ\u00e7\u00e3o \u00e9 feita por pequenos agricultores, que n\u00e3o contavam com maquin\u00e1rio adequado e com orienta\u00e7\u00f5es t\u00e9cnicas suficientes para melhorar o resultado final. Para mudar essa realidade, a Prefeitura de Vit\u00f3ria da Conquista entregou a esta comunidade uma Unidade [&hellip;]<\/p>\n","protected":false},"author":1,"featured_media":25585,"comment_status":"open","ping_status":"closed","sticky":false,"template":"","format":"standard","meta":[],"categories":[5],"tags":[],"_links":{"self":[{"href":"https:\/\/blitzconquista.com.br\/index.php?rest_route=\/wp\/v2\/posts\/25584"}],"collection":[{"href":"https:\/\/blitzconquista.com.br\/index.php?rest_route=\/wp\/v2\/posts"}],"about":[{"href":"https:\/\/blitzconquista.com.br\/index.php?rest_route=\/wp\/v2\/types\/post"}],"author":[{"embeddable":true,"href":"https:\/\/blitzconquista.com.br\/index.php?rest_route=\/wp\/v2\/users\/1"}],"replies":[{"embeddable":true,"href":"https:\/\/blitzconquista.com.br\/index.php?rest_route=%2Fwp%2Fv2%2Fcomments&post=25584"}],"version-history":[{"count":0,"href":"https:\/\/blitzconquista.com.br\/index.php?rest_route=\/wp\/v2\/posts\/25584\/revisions"}],"wp:featuredmedia":[{"embeddable":true,"href":"https:\/\/blitzconquista.com.br\/index.php?rest_route=\/"}],"wp:attachment":[{"href":"https:\/\/blitzconquista.com.br\/index.php?rest_route=%2Fwp%2Fv2%2Fmedia&parent=25584"}],"wp:term":[{"taxonomy":"category","embeddable":true,"href":"https:\/\/blitzconquista.com.br\/index.php?rest_route=%2Fwp%2Fv2%2Fcategories&post=25584"},{"taxonomy":"post_tag","embeddable":true,"href":"https:\/\/blitzconquista.com.br\/index.php?rest_route=%2Fwp%2Fv2%2Ftags&post=25584"}],"curies":[{"name":"wp","href":"https:\/\/api.w.org\/{rel}","templated":true}]}}