{"id":25925,"date":"2014-07-18T12:58:14","date_gmt":"2014-07-18T15:58:14","guid":{"rendered":"http:\/\/blitzconquista.com.br\/new\/?p=25925"},"modified":"2014-07-18T12:58:14","modified_gmt":"2014-07-18T15:58:14","slug":"falta-de-agua-populacao-interdita-via-do-kadija-para-protestar","status":"publish","type":"post","link":"https:\/\/blitzconquista.com.br\/?p=25925","title":{"rendered":"Falta de \u00e1gua: Popula\u00e7\u00e3o interdita via do Kadija para protestar"},"content":{"rendered":"<p>Na manh\u00e3 desta sexta, moradores do Bairro Kadija resolveram protestar contra a falta d&#8217;\u00e1gua que atinge a comunidade &#8211; segundo eles &#8211; h\u00e1 cerca de 15 dias.<\/p>\n<p>Apesar de n\u00e3o contar com muitos os participantes, a mobiliza\u00e7\u00e3o chamou a aten\u00e7\u00e3o de todos que estavam nas imedia\u00e7\u00f5es da rua Planalto. Pois, em determinado ponto desta via, muitos pneus foram incendiados.<\/p>\n<p><img decoding=\"async\" loading=\"lazy\" class=\"alignleft wp-image-25927\" src=\"http:\/\/blitzconquista.com.br\/new\/wp-content\/uploads\/2014\/07\/IMG-20140718-WA0028.jpg\" alt=\"IMG-20140718-WA0028\" width=\"585\" height=\"439\" \/><\/p>\n<p>Devido \u00e0 quantidade de material incendiado e dimens\u00e3o das chamas, uma equipe do Corpo de Bombeiros foi encaminhada para o local.<\/p>\n<p><img decoding=\"async\" loading=\"lazy\" class=\"alignleft wp-image-25928\" src=\"http:\/\/blitzconquista.com.br\/new\/wp-content\/uploads\/2014\/07\/IMG-20140718-WA0029.jpg\" alt=\"IMG-20140718-WA0029\" width=\"585\" height=\"439\" \/><br \/>\n<img decoding=\"async\" loading=\"lazy\" class=\"alignleft wp-image-25929\" src=\"http:\/\/blitzconquista.com.br\/new\/wp-content\/uploads\/2014\/07\/IMG-20140718-WA0030.jpg\" alt=\"IMG-20140718-WA0030\" width=\"585\" height=\"439\" \/><\/p>\n<p>Com a palavra as autoridades e a concession\u00e1ria respons\u00e1vel pelo servi\u00e7o para explicar o porqu\u00ea das falhas na distribui\u00e7\u00e3o do l\u00edquido precioso, j\u00e1 que as amplia\u00e7\u00f5es na capta\u00e7\u00e3o j\u00e1 foram feitas.<\/p>\n<p>&nbsp;<\/p>\n","protected":false},"excerpt":{"rendered":"<p>Na manh\u00e3 desta sexta, moradores do Bairro Kadija resolveram protestar contra a falta d&#8217;\u00e1gua que atinge a comunidade &#8211; segundo eles &#8211; h\u00e1 cerca de 15 dias. Apesar de n\u00e3o contar com muitos os participantes, a mobiliza\u00e7\u00e3o chamou a aten\u00e7\u00e3o de todos que estavam nas imedia\u00e7\u00f5es da rua Planalto. Pois, em determinado ponto desta via, [&hellip;]<\/p>\n","protected":false},"author":1,"featured_media":25926,"comment_status":"open","ping_status":"closed","sticky":false,"template":"","format":"standard","meta":[],"categories":[4],"tags":[],"_links":{"self":[{"href":"https:\/\/blitzconquista.com.br\/index.php?rest_route=\/wp\/v2\/posts\/25925"}],"collection":[{"href":"https:\/\/blitzconquista.com.br\/index.php?rest_route=\/wp\/v2\/posts"}],"about":[{"href":"https:\/\/blitzconquista.com.br\/index.php?rest_route=\/wp\/v2\/types\/post"}],"author":[{"embeddable":true,"href":"https:\/\/blitzconquista.com.br\/index.php?rest_route=\/wp\/v2\/users\/1"}],"replies":[{"embeddable":true,"href":"https:\/\/blitzconquista.com.br\/index.php?rest_route=%2Fwp%2Fv2%2Fcomments&post=25925"}],"version-history":[{"count":0,"href":"https:\/\/blitzconquista.com.br\/index.php?rest_route=\/wp\/v2\/posts\/25925\/revisions"}],"wp:featuredmedia":[{"embeddable":true,"href":"https:\/\/blitzconquista.com.br\/index.php?rest_route=\/"}],"wp:attachment":[{"href":"https:\/\/blitzconquista.com.br\/index.php?rest_route=%2Fwp%2Fv2%2Fmedia&parent=25925"}],"wp:term":[{"taxonomy":"category","embeddable":true,"href":"https:\/\/blitzconquista.com.br\/index.php?rest_route=%2Fwp%2Fv2%2Fcategories&post=25925"},{"taxonomy":"post_tag","embeddable":true,"href":"https:\/\/blitzconquista.com.br\/index.php?rest_route=%2Fwp%2Fv2%2Ftags&post=25925"}],"curies":[{"name":"wp","href":"https:\/\/api.w.org\/{rel}","templated":true}]}}