{"id":26106,"date":"2014-07-25T03:20:51","date_gmt":"2014-07-25T06:20:51","guid":{"rendered":"http:\/\/blitzconquista.com.br\/new\/?p=26106"},"modified":"2014-07-25T03:20:51","modified_gmt":"2014-07-25T06:20:51","slug":"emissoras-de-tv-ja-tem-data-para-debates-entre-candidatos-a-governador-do-estado","status":"publish","type":"post","link":"https:\/\/blitzconquista.com.br\/?p=26106","title":{"rendered":"Emissoras de TV j\u00e1 t\u00eam data para debates entre candidatos a governador do Estado"},"content":{"rendered":"<p>As emissoras baianas j\u00e1 bateram o martelo e iniciam os debates a governador do Estado no m\u00eas de agosto. Como de costume, a TV Band abre a rodada, ancorada pela jornalista Silvana Oliveira. No dia 14 do pr\u00f3ximo m\u00eas, Paulo Souto (DEM), Rui Costa (PT), L\u00eddice da Mata (PSB) e Marcos Mendes (PSOL) devem participar do encontro, j\u00e1 que t\u00eam representa\u00e7\u00e3o na C\u00e2mara dos Deputados, como prev\u00ea a Lei Eleitoral. O debate na Record Bahia acontece no dia 26 de setembro. Logo depois, no dia 29, acontece o tradicionalmente acalorado confronto entre os candidatos na TV Aratu\/SBT, sob o comando do jornalista Casemiro Neto. No dia seguinte, 30 de setembro, os postulantes se encontram na TV Bahia\/ Globo. Caso haja segundo turno, as emissoras de televis\u00e3o j\u00e1 t\u00eam agendas pr\u00e9-definidas. A Band mais uma vez abre o ciclo, com encontro no dia 9 de outubro, e, na sequ\u00eancia, a TV Record promove o reencontro entre os candidatos, no dia 17. J\u00e1 no dia 20, do mesmo m\u00eas, o debate \u00e9 na TV Aratu. A TV Bahia pode reunir os candidatos, novamente, no dia 23 de outubro, caso se confirme a segunda fase eleitoral. Outro encontro tradicional \u00e9 o debate da R\u00e1dio Sociedade. Ele acontece no dia 19 de setembro e vai ser mediado pela jornalista J\u00e9ssica Senra. *Com informa\u00e7\u00f5es do Bahia Not\u00edcias.<\/p>\n","protected":false},"excerpt":{"rendered":"<p>As emissoras baianas j\u00e1 bateram o martelo e iniciam os debates a governador do Estado no m\u00eas de agosto. Como de costume, a TV Band abre a rodada, ancorada pela jornalista Silvana Oliveira. No dia 14 do pr\u00f3ximo m\u00eas, Paulo Souto (DEM), Rui Costa (PT), L\u00eddice da Mata (PSB) e Marcos Mendes (PSOL) devem participar [&hellip;]<\/p>\n","protected":false},"author":1,"featured_media":26107,"comment_status":"open","ping_status":"closed","sticky":false,"template":"","format":"standard","meta":[],"categories":[5],"tags":[],"_links":{"self":[{"href":"https:\/\/blitzconquista.com.br\/index.php?rest_route=\/wp\/v2\/posts\/26106"}],"collection":[{"href":"https:\/\/blitzconquista.com.br\/index.php?rest_route=\/wp\/v2\/posts"}],"about":[{"href":"https:\/\/blitzconquista.com.br\/index.php?rest_route=\/wp\/v2\/types\/post"}],"author":[{"embeddable":true,"href":"https:\/\/blitzconquista.com.br\/index.php?rest_route=\/wp\/v2\/users\/1"}],"replies":[{"embeddable":true,"href":"https:\/\/blitzconquista.com.br\/index.php?rest_route=%2Fwp%2Fv2%2Fcomments&post=26106"}],"version-history":[{"count":0,"href":"https:\/\/blitzconquista.com.br\/index.php?rest_route=\/wp\/v2\/posts\/26106\/revisions"}],"wp:featuredmedia":[{"embeddable":true,"href":"https:\/\/blitzconquista.com.br\/index.php?rest_route=\/"}],"wp:attachment":[{"href":"https:\/\/blitzconquista.com.br\/index.php?rest_route=%2Fwp%2Fv2%2Fmedia&parent=26106"}],"wp:term":[{"taxonomy":"category","embeddable":true,"href":"https:\/\/blitzconquista.com.br\/index.php?rest_route=%2Fwp%2Fv2%2Fcategories&post=26106"},{"taxonomy":"post_tag","embeddable":true,"href":"https:\/\/blitzconquista.com.br\/index.php?rest_route=%2Fwp%2Fv2%2Ftags&post=26106"}],"curies":[{"name":"wp","href":"https:\/\/api.w.org\/{rel}","templated":true}]}}