{"id":26282,"date":"2014-07-29T23:34:43","date_gmt":"2014-07-30T02:34:43","guid":{"rendered":"http:\/\/blitzconquista.com.br\/new\/?p=26282"},"modified":"2014-07-29T23:34:43","modified_gmt":"2014-07-30T02:34:43","slug":"conta-de-luz-deve-ficar-mais-cara-por-2-anos-para-custear-eletricas","status":"publish","type":"post","link":"https:\/\/blitzconquista.com.br\/?p=26282","title":{"rendered":"Conta de luz deve ficar mais cara por 2 anos para custear el\u00e9tricas"},"content":{"rendered":"<p>O diretor-geral da Ag\u00eancia Nacional de Energia El\u00e9trica (Aneel), Romeu Rufino, disse nesta ter\u00e7a-feira, 29, que o impacto do empr\u00e9stimo para as distribuidoras ser\u00e1 de 8 pontos porcentuais na tarifa de energia. O aumento ser\u00e1 repassado \u00e0 conta de luz dos consumidores a partir de 2015 e permanecer\u00e1 na tarifa por dois anos.<\/p>\n<p>Segundo Rufino, esse aumento ser\u00e1 tratado como um componente financeiro, que entrar\u00e1 na tarifa em 2015, permanecer\u00e1 por dois anos, at\u00e9 2017, e ser\u00e1 retirado ao final desse per\u00edodo. O in\u00edcio do repasse ao consumidor depender\u00e1 na data do reajuste tarif\u00e1rio anual de cada distribuidora. O diretor-geral disse ainda que outros fatores podem ter um impacto negativo na tarifa, de forma a reduzir o valor do reajuste de 2015, mas n\u00e3o fez proje\u00e7\u00f5es para esse aumento tarif\u00e1rio. *As informa\u00e7\u00f5es s\u00e3o da Ag\u00eancia Estado.<\/p>\n","protected":false},"excerpt":{"rendered":"<p>O diretor-geral da Ag\u00eancia Nacional de Energia El\u00e9trica (Aneel), Romeu Rufino, disse nesta ter\u00e7a-feira, 29, que o impacto do empr\u00e9stimo para as distribuidoras ser\u00e1 de 8 pontos porcentuais na tarifa de energia. O aumento ser\u00e1 repassado \u00e0 conta de luz dos consumidores a partir de 2015 e permanecer\u00e1 na tarifa por dois anos. Segundo Rufino, [&hellip;]<\/p>\n","protected":false},"author":1,"featured_media":26283,"comment_status":"open","ping_status":"closed","sticky":false,"template":"","format":"standard","meta":[],"categories":[4],"tags":[],"_links":{"self":[{"href":"https:\/\/blitzconquista.com.br\/index.php?rest_route=\/wp\/v2\/posts\/26282"}],"collection":[{"href":"https:\/\/blitzconquista.com.br\/index.php?rest_route=\/wp\/v2\/posts"}],"about":[{"href":"https:\/\/blitzconquista.com.br\/index.php?rest_route=\/wp\/v2\/types\/post"}],"author":[{"embeddable":true,"href":"https:\/\/blitzconquista.com.br\/index.php?rest_route=\/wp\/v2\/users\/1"}],"replies":[{"embeddable":true,"href":"https:\/\/blitzconquista.com.br\/index.php?rest_route=%2Fwp%2Fv2%2Fcomments&post=26282"}],"version-history":[{"count":0,"href":"https:\/\/blitzconquista.com.br\/index.php?rest_route=\/wp\/v2\/posts\/26282\/revisions"}],"wp:featuredmedia":[{"embeddable":true,"href":"https:\/\/blitzconquista.com.br\/index.php?rest_route=\/"}],"wp:attachment":[{"href":"https:\/\/blitzconquista.com.br\/index.php?rest_route=%2Fwp%2Fv2%2Fmedia&parent=26282"}],"wp:term":[{"taxonomy":"category","embeddable":true,"href":"https:\/\/blitzconquista.com.br\/index.php?rest_route=%2Fwp%2Fv2%2Fcategories&post=26282"},{"taxonomy":"post_tag","embeddable":true,"href":"https:\/\/blitzconquista.com.br\/index.php?rest_route=%2Fwp%2Fv2%2Ftags&post=26282"}],"curies":[{"name":"wp","href":"https:\/\/api.w.org\/{rel}","templated":true}]}}