{"id":26339,"date":"2014-08-01T01:02:15","date_gmt":"2014-08-01T04:02:15","guid":{"rendered":"http:\/\/blitzconquista.com.br\/new\/?p=26339"},"modified":"2014-08-01T01:02:15","modified_gmt":"2014-08-01T04:02:15","slug":"sessoes-da-camara-retornam-nesta-sexta-feira-1o","status":"publish","type":"post","link":"https:\/\/blitzconquista.com.br\/?p=26339","title":{"rendered":"Sess\u00f5es da C\u00e2mara retornam nesta sexta-feira (1\u00ba)"},"content":{"rendered":"<p>As sess\u00f5es e audi\u00eancias p\u00fablicas ser\u00e3o retomadas nesta sexta-feira (1\u00ba), \u00e0s 8h30, com a primeira sess\u00e3o ordin\u00e1ria do m\u00eas de agosto, com a primeira sess\u00e3o ordin\u00e1ria do segundo semestre. Durante o recesso da C\u00e2mara de Vereadores, todas as atividades administrativas continuaram normalmente, bem como o atendimento \u00e0 popula\u00e7\u00e3o e o funcionamento dos gabinetes. Na pr\u00f3xima semana a programa\u00e7\u00e3o do Legislativo inclui audi\u00eancia p\u00fablica na ter\u00e7a-feira (5), \u00e0s 19h30, para comemorar o Dia do Gari; sess\u00e3o itinerante na quarta-feira (6), \u00e0s 19h, no Pradoso, e sess\u00e3o especial na sexta-feira (8), \u00e0s 8h30, em homenagem ao Dia dos Pais.<\/p>\n","protected":false},"excerpt":{"rendered":"<p>As sess\u00f5es e audi\u00eancias p\u00fablicas ser\u00e3o retomadas nesta sexta-feira (1\u00ba), \u00e0s 8h30, com a primeira sess\u00e3o ordin\u00e1ria do m\u00eas de agosto, com a primeira sess\u00e3o ordin\u00e1ria do segundo semestre. Durante o recesso da C\u00e2mara de Vereadores, todas as atividades administrativas continuaram normalmente, bem como o atendimento \u00e0 popula\u00e7\u00e3o e o funcionamento dos gabinetes. Na pr\u00f3xima [&hellip;]<\/p>\n","protected":false},"author":1,"featured_media":24055,"comment_status":"open","ping_status":"closed","sticky":false,"template":"","format":"standard","meta":[],"categories":[5],"tags":[],"_links":{"self":[{"href":"https:\/\/blitzconquista.com.br\/index.php?rest_route=\/wp\/v2\/posts\/26339"}],"collection":[{"href":"https:\/\/blitzconquista.com.br\/index.php?rest_route=\/wp\/v2\/posts"}],"about":[{"href":"https:\/\/blitzconquista.com.br\/index.php?rest_route=\/wp\/v2\/types\/post"}],"author":[{"embeddable":true,"href":"https:\/\/blitzconquista.com.br\/index.php?rest_route=\/wp\/v2\/users\/1"}],"replies":[{"embeddable":true,"href":"https:\/\/blitzconquista.com.br\/index.php?rest_route=%2Fwp%2Fv2%2Fcomments&post=26339"}],"version-history":[{"count":0,"href":"https:\/\/blitzconquista.com.br\/index.php?rest_route=\/wp\/v2\/posts\/26339\/revisions"}],"wp:featuredmedia":[{"embeddable":true,"href":"https:\/\/blitzconquista.com.br\/index.php?rest_route=\/"}],"wp:attachment":[{"href":"https:\/\/blitzconquista.com.br\/index.php?rest_route=%2Fwp%2Fv2%2Fmedia&parent=26339"}],"wp:term":[{"taxonomy":"category","embeddable":true,"href":"https:\/\/blitzconquista.com.br\/index.php?rest_route=%2Fwp%2Fv2%2Fcategories&post=26339"},{"taxonomy":"post_tag","embeddable":true,"href":"https:\/\/blitzconquista.com.br\/index.php?rest_route=%2Fwp%2Fv2%2Ftags&post=26339"}],"curies":[{"name":"wp","href":"https:\/\/api.w.org\/{rel}","templated":true}]}}