{"id":26407,"date":"2014-08-05T00:30:43","date_gmt":"2014-08-05T03:30:43","guid":{"rendered":"http:\/\/blitzconquista.com.br\/new\/?p=26407"},"modified":"2014-08-05T00:30:43","modified_gmt":"2014-08-05T03:30:43","slug":"audiencia-publica-da-camara-comemora-dia-do-gari","status":"publish","type":"post","link":"https:\/\/blitzconquista.com.br\/?p=26407","title":{"rendered":"Audi\u00eancia P\u00fablica da C\u00e2mara comemora dia do Gari"},"content":{"rendered":"<p>Nesta ter\u00e7a-feira(05), a C\u00e2mara de Vereadores de Vit\u00f3ria da Conquista realiza uma audi\u00eancia p\u00fablica para homenagear o Dia do Gari e debater melhorias nas condi\u00e7\u00f5es de trabalho dos profissionais que atuam na limpeza do munic\u00edpio. O evento acontece a partir das 19:30h no plen\u00e1rio Carmem L\u00facia. O requerimento da audi\u00eancia \u00e9 de autoria do vereador Gilzete Moreira (PSB).<\/p>\n<p>O objetivo da audi\u00eancia \u00e9 fazer uma justa homenagem aos profissionais que s\u00e3o fundamentais para o funcionamento da cidade, al\u00e9m de ouvir as principais demandas da categoria, discutindo ainda medidas para a redu\u00e7\u00e3o dos riscos enfrentados durante a rotina de trabalho.<\/p>\n","protected":false},"excerpt":{"rendered":"<p>Nesta ter\u00e7a-feira(05), a C\u00e2mara de Vereadores de Vit\u00f3ria da Conquista realiza uma audi\u00eancia p\u00fablica para homenagear o Dia do Gari e debater melhorias nas condi\u00e7\u00f5es de trabalho dos profissionais que atuam na limpeza do munic\u00edpio. O evento acontece a partir das 19:30h no plen\u00e1rio Carmem L\u00facia. O requerimento da audi\u00eancia \u00e9 de autoria do vereador [&hellip;]<\/p>\n","protected":false},"author":1,"featured_media":24920,"comment_status":"open","ping_status":"closed","sticky":false,"template":"","format":"standard","meta":[],"categories":[5],"tags":[],"_links":{"self":[{"href":"https:\/\/blitzconquista.com.br\/index.php?rest_route=\/wp\/v2\/posts\/26407"}],"collection":[{"href":"https:\/\/blitzconquista.com.br\/index.php?rest_route=\/wp\/v2\/posts"}],"about":[{"href":"https:\/\/blitzconquista.com.br\/index.php?rest_route=\/wp\/v2\/types\/post"}],"author":[{"embeddable":true,"href":"https:\/\/blitzconquista.com.br\/index.php?rest_route=\/wp\/v2\/users\/1"}],"replies":[{"embeddable":true,"href":"https:\/\/blitzconquista.com.br\/index.php?rest_route=%2Fwp%2Fv2%2Fcomments&post=26407"}],"version-history":[{"count":0,"href":"https:\/\/blitzconquista.com.br\/index.php?rest_route=\/wp\/v2\/posts\/26407\/revisions"}],"wp:featuredmedia":[{"embeddable":true,"href":"https:\/\/blitzconquista.com.br\/index.php?rest_route=\/"}],"wp:attachment":[{"href":"https:\/\/blitzconquista.com.br\/index.php?rest_route=%2Fwp%2Fv2%2Fmedia&parent=26407"}],"wp:term":[{"taxonomy":"category","embeddable":true,"href":"https:\/\/blitzconquista.com.br\/index.php?rest_route=%2Fwp%2Fv2%2Fcategories&post=26407"},{"taxonomy":"post_tag","embeddable":true,"href":"https:\/\/blitzconquista.com.br\/index.php?rest_route=%2Fwp%2Fv2%2Ftags&post=26407"}],"curies":[{"name":"wp","href":"https:\/\/api.w.org\/{rel}","templated":true}]}}