{"id":26409,"date":"2014-08-05T00:36:17","date_gmt":"2014-08-05T03:36:17","guid":{"rendered":"http:\/\/blitzconquista.com.br\/new\/?p=26409"},"modified":"2014-08-05T00:36:17","modified_gmt":"2014-08-05T03:36:17","slug":"silvio-santos-anuncia-aposentadoria-para-dezembro","status":"publish","type":"post","link":"https:\/\/blitzconquista.com.br\/?p=26409","title":{"rendered":"Silvio Santos anuncia aposentadoria para dezembro"},"content":{"rendered":"<p>Um dos grandes nomes da televis\u00e3o brasileira anunciar\u00e1 a aposentadoria no final deste ano. Segundo informou o colunista L\u00e9o Dias, do jornal \u2018O Dia\u2019, Silvio Santos gravar\u00e1 um especial que ser\u00e1 exibido no dia 13 de dezembro, um dia depois de seu anivers\u00e1rio de 84 anos.<\/p>\n<p>Na grava\u00e7\u00e3o, o dono do SBT revelar\u00e1 sua sa\u00edda da TV. Patr\u00edcia Abravanel, filha de Silvio, \u00e9 quem ficar\u00e1 no lugar dele, dois meses ap\u00f3s dar \u00e0 luz ao filho que espera. De acordo com a publica\u00e7\u00e3o, Silvio, que possui um patrim\u00f4nio avaliado em pouco menos de R$ 1 bilh\u00e3o, quer descansar ap\u00f3s anunciar a aposentadoria. Procurada pelo jornal, a assessoria de imprensa do SBT n\u00e3o confirmou a informa\u00e7\u00e3o. *As informa\u00e7\u00f5es s\u00e3o do Ibahia.<\/p>\n","protected":false},"excerpt":{"rendered":"<p>Um dos grandes nomes da televis\u00e3o brasileira anunciar\u00e1 a aposentadoria no final deste ano. Segundo informou o colunista L\u00e9o Dias, do jornal \u2018O Dia\u2019, Silvio Santos gravar\u00e1 um especial que ser\u00e1 exibido no dia 13 de dezembro, um dia depois de seu anivers\u00e1rio de 84 anos. Na grava\u00e7\u00e3o, o dono do SBT revelar\u00e1 sua sa\u00edda [&hellip;]<\/p>\n","protected":false},"author":1,"featured_media":26410,"comment_status":"open","ping_status":"closed","sticky":false,"template":"","format":"standard","meta":[],"categories":[4],"tags":[],"_links":{"self":[{"href":"https:\/\/blitzconquista.com.br\/index.php?rest_route=\/wp\/v2\/posts\/26409"}],"collection":[{"href":"https:\/\/blitzconquista.com.br\/index.php?rest_route=\/wp\/v2\/posts"}],"about":[{"href":"https:\/\/blitzconquista.com.br\/index.php?rest_route=\/wp\/v2\/types\/post"}],"author":[{"embeddable":true,"href":"https:\/\/blitzconquista.com.br\/index.php?rest_route=\/wp\/v2\/users\/1"}],"replies":[{"embeddable":true,"href":"https:\/\/blitzconquista.com.br\/index.php?rest_route=%2Fwp%2Fv2%2Fcomments&post=26409"}],"version-history":[{"count":0,"href":"https:\/\/blitzconquista.com.br\/index.php?rest_route=\/wp\/v2\/posts\/26409\/revisions"}],"wp:featuredmedia":[{"embeddable":true,"href":"https:\/\/blitzconquista.com.br\/index.php?rest_route=\/"}],"wp:attachment":[{"href":"https:\/\/blitzconquista.com.br\/index.php?rest_route=%2Fwp%2Fv2%2Fmedia&parent=26409"}],"wp:term":[{"taxonomy":"category","embeddable":true,"href":"https:\/\/blitzconquista.com.br\/index.php?rest_route=%2Fwp%2Fv2%2Fcategories&post=26409"},{"taxonomy":"post_tag","embeddable":true,"href":"https:\/\/blitzconquista.com.br\/index.php?rest_route=%2Fwp%2Fv2%2Ftags&post=26409"}],"curies":[{"name":"wp","href":"https:\/\/api.w.org\/{rel}","templated":true}]}}