{"id":26437,"date":"2014-08-05T10:27:39","date_gmt":"2014-08-05T13:27:39","guid":{"rendered":"http:\/\/blitzconquista.com.br\/new\/?p=26437"},"modified":"2014-08-05T10:27:39","modified_gmt":"2014-08-05T13:27:39","slug":"policia-civil-apos-pressao-saeb-diz-que-reconvocara-aprovados","status":"publish","type":"post","link":"https:\/\/blitzconquista.com.br\/?p=26437","title":{"rendered":"Pol\u00edcia Civil: Ap\u00f3s press\u00e3o, Saeb diz que reconvocar\u00e1 aprovados"},"content":{"rendered":"<p class=\"western\"><span style=\"color: #800000;\"><span style=\"font-family: 'trebuchet ms', helvetica, sans-serif;\">Ap\u00f3s o um per\u00edodo de sil\u00eancio, com rela\u00e7\u00e3o ao tr\u00e2mites no processo de convoca\u00e7\u00e3o dos aprovados no concurso p\u00fablico para provis\u00e3o de vagas no quador de servidores da Pol\u00edcia Civil, a Secretaria de Administra\u00e7\u00e3o se manifestou informando que ir\u00e1 reconvoc\u00e1-los. <\/span><\/span><\/p>\n<p class=\"western\"><span style=\"color: #800000;\"><span style=\"font-family: 'trebuchet ms', helvetica, sans-serif;\">Para que isso acontecesse foi necess\u00e1rio, entretanto, que os classificados promovessem uma verdadeira batalha, convocando os meios de comunica\u00e7\u00e3o para divulgar a situa\u00e7\u00e3o em que se encontrava o processo. Prova disso foram as mensagens recebidas pelo Blitzconquista solicitando a publica\u00e7\u00e3o dessas informa\u00e7\u00f5es.<\/span><\/span><\/p>\n<p class=\"western\"><span style=\"color: #800000;\"><span style=\"font-family: 'trebuchet ms', helvetica, sans-serif;\">N\u00e3o havia nem mesmo defini\u00e7\u00e3o de prazo para a convoca\u00e7\u00e3o, mas a situa\u00e7\u00e3o come\u00e7ou mudar. Os classificados come\u00e7aram a fazer \u201cbarulho\u201d, e isso n\u00e3o parece ser nada interessante no momento.<\/span><\/span><\/p>\n<p class=\"western\">Com informa\u00e7\u00f5es e imagem do <em>Boc\u00e3o News<\/em><\/p>\n","protected":false},"excerpt":{"rendered":"<p>Ap\u00f3s o um per\u00edodo de sil\u00eancio, com rela\u00e7\u00e3o ao tr\u00e2mites no processo de convoca\u00e7\u00e3o dos aprovados no concurso p\u00fablico para provis\u00e3o de vagas no quador de servidores da Pol\u00edcia Civil, a Secretaria de Administra\u00e7\u00e3o se manifestou informando que ir\u00e1 reconvoc\u00e1-los. Para que isso acontecesse foi necess\u00e1rio, entretanto, que os classificados promovessem uma verdadeira batalha, convocando [&hellip;]<\/p>\n","protected":false},"author":1,"featured_media":26438,"comment_status":"open","ping_status":"closed","sticky":false,"template":"","format":"standard","meta":[],"categories":[3,5],"tags":[],"_links":{"self":[{"href":"https:\/\/blitzconquista.com.br\/index.php?rest_route=\/wp\/v2\/posts\/26437"}],"collection":[{"href":"https:\/\/blitzconquista.com.br\/index.php?rest_route=\/wp\/v2\/posts"}],"about":[{"href":"https:\/\/blitzconquista.com.br\/index.php?rest_route=\/wp\/v2\/types\/post"}],"author":[{"embeddable":true,"href":"https:\/\/blitzconquista.com.br\/index.php?rest_route=\/wp\/v2\/users\/1"}],"replies":[{"embeddable":true,"href":"https:\/\/blitzconquista.com.br\/index.php?rest_route=%2Fwp%2Fv2%2Fcomments&post=26437"}],"version-history":[{"count":0,"href":"https:\/\/blitzconquista.com.br\/index.php?rest_route=\/wp\/v2\/posts\/26437\/revisions"}],"wp:featuredmedia":[{"embeddable":true,"href":"https:\/\/blitzconquista.com.br\/index.php?rest_route=\/"}],"wp:attachment":[{"href":"https:\/\/blitzconquista.com.br\/index.php?rest_route=%2Fwp%2Fv2%2Fmedia&parent=26437"}],"wp:term":[{"taxonomy":"category","embeddable":true,"href":"https:\/\/blitzconquista.com.br\/index.php?rest_route=%2Fwp%2Fv2%2Fcategories&post=26437"},{"taxonomy":"post_tag","embeddable":true,"href":"https:\/\/blitzconquista.com.br\/index.php?rest_route=%2Fwp%2Fv2%2Ftags&post=26437"}],"curies":[{"name":"wp","href":"https:\/\/api.w.org\/{rel}","templated":true}]}}