{"id":26442,"date":"2014-08-05T23:34:51","date_gmt":"2014-08-06T02:34:51","guid":{"rendered":"http:\/\/blitzconquista.com.br\/new\/?p=26442"},"modified":"2014-08-05T23:34:51","modified_gmt":"2014-08-06T02:34:51","slug":"governador-anuncia-fabrica-de-calcados-em-caatiba","status":"publish","type":"post","link":"https:\/\/blitzconquista.com.br\/?p=26442","title":{"rendered":"Governador anuncia f\u00e1brica de cal\u00e7ados em Caatiba"},"content":{"rendered":"<p>Ainda neste 2\u00ba semestre de 2014, o munic\u00edpio de Caatiba, localizado no centro sul da Bahia, contar\u00e1 novamente com uma unidade fabril cal\u00e7adista. O an\u00fancio foi feito na manh\u00e3 desta ter\u00e7a feira (5) pelo governador Jaques Wagner, com a presen\u00e7a de um dos diretores da B\u00e1rbara Kr\u00e1s Cal\u00e7ados, Edilson Soares. A expectativa \u00e9 que sejam gerados entre 250 e 300 empregos diretos, com o investimento privado da ordem de R$ 3 milh\u00f5es.<\/p>\n<p>A instala\u00e7\u00e3o da B\u00e1rbara Kr\u00e1s Cal\u00e7ados em Caatiba, cidade que possui em torno de 12 mil habitantes, \u00e9 resultado de incentivos fiscais concedidos pelo Governo do Estado, que ir\u00e3o garantir a implanta\u00e7\u00e3o da f\u00e1brica no munic\u00edpio ainda este ano. &#8220;Estamos empenhados em reocupar com novas f\u00e1bricas, como o caso da B\u00e1rbara Kr\u00e1s aqui em Caatiba, todos os galp\u00f5es que foram utilizados pela Azaleia na Bahia\u201d, afirmou o governador.<\/p>\n<p>De acordo com executivos da empresa, a m\u00e3o de obra ser\u00e1 100% da regi\u00e3o, por ser considerada de alt\u00edssima qualidade. A f\u00e1brica, que \u00e9 do Rio Grande do Sul, atualmente j\u00e1 conta com unidade no munic\u00edpio baiano de Itamb\u00e9, e pretende expandir neg\u00f3cios no estado baiano.<br \/>\n<em>Fotos: Manu Dias\/GOVBA<\/em><br \/>\n<em> Secom\u00a0\u00a0&#8211; Secretaria de Comunica\u00e7\u00e3o Social\u00a0&#8211; Governo da Bahia<\/em><\/p>\n","protected":false},"excerpt":{"rendered":"<p>Ainda neste 2\u00ba semestre de 2014, o munic\u00edpio de Caatiba, localizado no centro sul da Bahia, contar\u00e1 novamente com uma unidade fabril cal\u00e7adista. O an\u00fancio foi feito na manh\u00e3 desta ter\u00e7a feira (5) pelo governador Jaques Wagner, com a presen\u00e7a de um dos diretores da B\u00e1rbara Kr\u00e1s Cal\u00e7ados, Edilson Soares. A expectativa \u00e9 que sejam [&hellip;]<\/p>\n","protected":false},"author":1,"featured_media":26443,"comment_status":"open","ping_status":"closed","sticky":false,"template":"","format":"standard","meta":[],"categories":[5],"tags":[],"_links":{"self":[{"href":"https:\/\/blitzconquista.com.br\/index.php?rest_route=\/wp\/v2\/posts\/26442"}],"collection":[{"href":"https:\/\/blitzconquista.com.br\/index.php?rest_route=\/wp\/v2\/posts"}],"about":[{"href":"https:\/\/blitzconquista.com.br\/index.php?rest_route=\/wp\/v2\/types\/post"}],"author":[{"embeddable":true,"href":"https:\/\/blitzconquista.com.br\/index.php?rest_route=\/wp\/v2\/users\/1"}],"replies":[{"embeddable":true,"href":"https:\/\/blitzconquista.com.br\/index.php?rest_route=%2Fwp%2Fv2%2Fcomments&post=26442"}],"version-history":[{"count":0,"href":"https:\/\/blitzconquista.com.br\/index.php?rest_route=\/wp\/v2\/posts\/26442\/revisions"}],"wp:featuredmedia":[{"embeddable":true,"href":"https:\/\/blitzconquista.com.br\/index.php?rest_route=\/"}],"wp:attachment":[{"href":"https:\/\/blitzconquista.com.br\/index.php?rest_route=%2Fwp%2Fv2%2Fmedia&parent=26442"}],"wp:term":[{"taxonomy":"category","embeddable":true,"href":"https:\/\/blitzconquista.com.br\/index.php?rest_route=%2Fwp%2Fv2%2Fcategories&post=26442"},{"taxonomy":"post_tag","embeddable":true,"href":"https:\/\/blitzconquista.com.br\/index.php?rest_route=%2Fwp%2Fv2%2Ftags&post=26442"}],"curies":[{"name":"wp","href":"https:\/\/api.w.org\/{rel}","templated":true}]}}