{"id":26445,"date":"2014-08-05T23:40:29","date_gmt":"2014-08-06T02:40:29","guid":{"rendered":"http:\/\/blitzconquista.com.br\/new\/?p=26445"},"modified":"2014-08-05T23:40:29","modified_gmt":"2014-08-06T02:40:29","slug":"conquista-sedia-encontro-dos-presidentes-de-cooperativas-da-bahia-2014","status":"publish","type":"post","link":"https:\/\/blitzconquista.com.br\/?p=26445","title":{"rendered":"Conquista sedia Encontro dos Presidentes de Cooperativas da Bahia 2014"},"content":{"rendered":"<p>O cooperativismo brasileiro cresce a cada ano e mostra sua import\u00e2ncia na economia, no combate \u00e0 exclus\u00e3o social, na gera\u00e7\u00e3o de emprego e renda e na contribui\u00e7\u00e3o para o desenvolvimento local. Na Bahia, o Sistema OCEB tem desenvolvido trabalhos que contribuem para o crescimento do Estado atrav\u00e9s das cooperativas. O di\u00e1logo e a participa\u00e7\u00e3o s\u00e3o ferramentas essenciais no processo de amplia\u00e7\u00e3o e fortalecimento do cooperativismo baiano.<\/p>\n<p>O Encontro dos Presidentes de Cooperativas da Bahia 2014 segue esse direcionamento e acontecer\u00e1 em Vitoria da Conquista no dia 08 de agosto. O principal objetivo desse evento \u00e9 debater as a\u00e7\u00f5es estrat\u00e9gicas para o desenvolvimento do cooperativismo baiano. Al\u00e9m desse importante debate, os participantes definir\u00e3o as prioridades a serem desenvolvidas pela Organiza\u00e7\u00e3o das Cooperativas Baianas (OCEB) nos pr\u00f3ximos anos.<\/p>\n<p>O evento acontecer\u00e1, das 8 h \u00e0s 16 h, no Audit\u00f3rio da COOPMAC \u2013 Rua Siqueira Campos, 1320, bairro Parque de Exposi\u00e7\u00f5es \u2013 Vit\u00f3ria da Conquista\/BA.<\/p>\n<p>*Divulga\u00e7\u00e3o<\/p>\n","protected":false},"excerpt":{"rendered":"<p>O cooperativismo brasileiro cresce a cada ano e mostra sua import\u00e2ncia na economia, no combate \u00e0 exclus\u00e3o social, na gera\u00e7\u00e3o de emprego e renda e na contribui\u00e7\u00e3o para o desenvolvimento local. Na Bahia, o Sistema OCEB tem desenvolvido trabalhos que contribuem para o crescimento do Estado atrav\u00e9s das cooperativas. O di\u00e1logo e a participa\u00e7\u00e3o s\u00e3o [&hellip;]<\/p>\n","protected":false},"author":1,"featured_media":26446,"comment_status":"open","ping_status":"closed","sticky":false,"template":"","format":"standard","meta":[],"categories":[4],"tags":[],"_links":{"self":[{"href":"https:\/\/blitzconquista.com.br\/index.php?rest_route=\/wp\/v2\/posts\/26445"}],"collection":[{"href":"https:\/\/blitzconquista.com.br\/index.php?rest_route=\/wp\/v2\/posts"}],"about":[{"href":"https:\/\/blitzconquista.com.br\/index.php?rest_route=\/wp\/v2\/types\/post"}],"author":[{"embeddable":true,"href":"https:\/\/blitzconquista.com.br\/index.php?rest_route=\/wp\/v2\/users\/1"}],"replies":[{"embeddable":true,"href":"https:\/\/blitzconquista.com.br\/index.php?rest_route=%2Fwp%2Fv2%2Fcomments&post=26445"}],"version-history":[{"count":0,"href":"https:\/\/blitzconquista.com.br\/index.php?rest_route=\/wp\/v2\/posts\/26445\/revisions"}],"wp:featuredmedia":[{"embeddable":true,"href":"https:\/\/blitzconquista.com.br\/index.php?rest_route=\/"}],"wp:attachment":[{"href":"https:\/\/blitzconquista.com.br\/index.php?rest_route=%2Fwp%2Fv2%2Fmedia&parent=26445"}],"wp:term":[{"taxonomy":"category","embeddable":true,"href":"https:\/\/blitzconquista.com.br\/index.php?rest_route=%2Fwp%2Fv2%2Fcategories&post=26445"},{"taxonomy":"post_tag","embeddable":true,"href":"https:\/\/blitzconquista.com.br\/index.php?rest_route=%2Fwp%2Fv2%2Ftags&post=26445"}],"curies":[{"name":"wp","href":"https:\/\/api.w.org\/{rel}","templated":true}]}}