{"id":26476,"date":"2014-08-06T12:39:01","date_gmt":"2014-08-06T15:39:01","guid":{"rendered":"http:\/\/blitzconquista.com.br\/new\/?p=26476"},"modified":"2014-08-06T12:39:01","modified_gmt":"2014-08-06T15:39:01","slug":"lideres-evangelicos-saem-em-defesa-de-israel-e-criticam-dilma","status":"publish","type":"post","link":"https:\/\/blitzconquista.com.br\/?p=26476","title":{"rendered":"L\u00edderes evang\u00e9licos saem em defesa de Israel e criticam Dilma"},"content":{"rendered":"<p>A condena\u00e7\u00e3o do governo Dilma Rousseff \u00e0 a\u00e7\u00e3o militar israelense em Gaza gerou forte rea\u00e7\u00e3o contr\u00e1ria de l\u00edderes evang\u00e9licos brasileiros, expondo os crescentes la\u00e7os entre igrejas protestantes e o governo de Israel.<\/p>\n<p>A mobiliza\u00e7\u00e3o evang\u00e9lica teve in\u00edcio em 23 de julho, quando o governo federal divulgou uma nota condenando os ataques israelenses em Gaza e convocando o embaixador brasileiro em Tel Aviv para consultas.<\/p>\n<p>No dia seguinte, cerca de 80 pessoas \u2013 em sua maioria evang\u00e9licos \u2013 foram ao Minist\u00e9rio de Rela\u00e7\u00f5es Exteriores protestar contra a decis\u00e3o.<\/p>\n<p>Uma das organizadoras do ato, a pastora Jane Silva \u2013 que preside a Associa\u00e7\u00e3o Crist\u00e3 de Homens e Mulheres de Neg\u00f3cios e a Comunidade Brasil-Israel \u2013 diz que l\u00edderes evang\u00e9licos de v\u00e1rios Estados e de diferentes igrejas compareceram \u00e0 manifesta\u00e7\u00e3o.<\/p>\n<p>Com o apoio do deputado federal Lincoln Portela (PR-MG), um dos principais nomes da bancada evang\u00e9lica no Congresso, Silva marcou uma audi\u00eancia no Itamaraty para expressar a insatisfa\u00e7\u00e3o do grupo. Eles foram recebidos pelo embaixador Paulo Cordeiro, subsecret\u00e1rio-geral do \u00f3rg\u00e3o para \u00c1frica e Oriente M\u00e9dio.<\/p>\n<p>&#8220;Ficamos ofendidos e magoados com a postura do governo brasileiro, que para n\u00f3s n\u00e3o condiz com a posi\u00e7\u00e3o da popula\u00e7\u00e3o crist\u00e3 brasileira em rela\u00e7\u00e3o ao conflito&#8221;, diz a pastora \u00e0 BBC Brasil.<\/p>\n<p>&#8220;Quando o governo fala mal de Israel, fala mal de nosso Jesus. E Israel tem o direito de se defender e de existir.&#8221;<\/p>\n<h3>Passagem b\u00edblica<\/h3>\n<p>No Amazonas, houve outro protesto em defesa de Israel organizado por evang\u00e9licos \u2013 este, liderado pelo ap\u00f3stolo Ren\u00e9 Terra-Nova, fundador do Minist\u00e9rio Internacional da Restaura\u00e7\u00e3o. Segundo organizadores, a manifesta\u00e7\u00e3o reuniu 30 mil pessoas.<\/p>\n<p>E em seu programa de TV no \u00faltimo s\u00e1bado, o pastor Silas Malafaia, principal l\u00edder da Assembleia de Deus Vit\u00f3ria em Cristo, tamb\u00e9m tratou do tema.<\/p>\n<p>Ao se referir \u00e0 posi\u00e7\u00e3o do governo brasileiro quanto aos ataques israelenses, Malafaia citou uma passagem b\u00edblica segundo a qual &#8220;a na\u00e7\u00e3o que amaldi\u00e7oa Israel tamb\u00e9m \u00e9 amaldi\u00e7oada&#8221;.<\/p>\n<p>Dizendo precisar &#8220;dar algumas dicas (sobre o conflito) para o povo de Deus&#8221;, ele afirmou no programa que os atos de Israel s\u00e3o &#8220;a rea\u00e7\u00e3o de um estado soberano sendo atacado por terroristas&#8221;.<\/p>\n<p>Na semana passada, a pomposa inaugura\u00e7\u00e3o em S\u00e3o Paulo do Templo de Salom\u00e3o, da Igreja Universal do Reino de Deus, tamb\u00e9m deu mostras da crescente aproxima\u00e7\u00e3o entre grupos evang\u00e9licos brasileiros e Israel.<\/p>\n<p>No caso da Universal, a aproxima\u00e7\u00e3o tamb\u00e9m se d\u00e1 com o Juda\u00edsmo: na cerim\u00f4nia, bispos da Universal vestiam quip\u00e1 e talit, acess\u00f3rios tradicionais judaicos, e o hino de Israel foi executado. Do lado de fora do templo, foram hasteadas as bandeiras da Universal, do Brasil e de Israel.<\/p>\n<p>A BBC Brasil perguntou \u00e0 Universal qual sua posi\u00e7\u00e3o em rela\u00e7\u00e3o \u00e0s a\u00e7\u00f5es israelenses em Gaza, mas n\u00e3o obteve resposta.<\/p>\n<h3>&#8216;Soft power&#8217; religioso<\/h3>\n<p>O crescente alinhamento entre l\u00edderes evang\u00e9licos e Israel n\u00e3o \u00e9 fen\u00f4meno exclusivo do Brasil. Nos Estados Unidos, pa\u00eds que abriga a maior popula\u00e7\u00e3o protestante do mundo, os Sionistas Crist\u00e3os \u2013 como s\u00e3o conhecidos os evang\u00e9licos pr\u00f3-Israel \u2013 exercem importante influ\u00eancia pol\u00edtica.<\/p>\n<p>Para estreitar os la\u00e7os com o grupo, o governo israelense estimula visitas de grupos evang\u00e9licos \u00e0 Terra Santa.<\/p>\n<p>Em 2013, uma reportagem do Christian Science Monitor, uma das principais publica\u00e7\u00f5es mundiais sobre religi\u00f5es, descreveu os bastidores de um evento anual organizado pelo governo israelense para homenagear l\u00edderes protestantes.<\/p>\n<p>No encontro, o prefeito de Jerusal\u00e9m, Nir Barkat, disse aos presentes: &#8220;Voc\u00eas aqui s\u00e3o o melhor ataque e a melhor defesa que poder\u00edamos ter (\u2026). Aproveitem a cidade de Jerusal\u00e9m (\u2026) e voltem para casa como fortes embaixadores do Estado de Israel e da cidade de Jerusal\u00e9m&#8221;.<\/p>\n<p>A reportagem diz que, ap\u00f3s se consolidar nos Estados Unidos, o movimento evang\u00e9lico pr\u00f3-Israel agora ganha for\u00e7a em pa\u00edses emergentes com crescente popula\u00e7\u00e3o protestante, como Brasil e Nig\u00e9ria.<\/p>\n<h3>Peregrina\u00e7\u00f5es em risco<\/h3>\n<p>Para a pastora Jane Silva, caso o Brasil atenda grupos que pedem o rompimento das rela\u00e7\u00f5es diplom\u00e1ticas com Israel, os maiores prejudicados seriam fi\u00e9is brasileiros. &#8220;O governo estaria punindo os pr\u00f3prios brasileiros&#8221;, diz a pastora.<\/p>\n<p>Segundo ela, muitos brasileiros visitam a Terra Santa todos os anos. &#8220;S\u00f3 l\u00e1 podemos ver o t\u00famulo onde Jesus foi sepultado, onde ressuscitou, caminhar pelas ruas pavimentadas de milagres. Quando voltamos, logo come\u00e7amos a programar a pr\u00f3xima visita.&#8221;<\/p>\n<p><em>*Uol<\/em><\/p>\n","protected":false},"excerpt":{"rendered":"<p>A condena\u00e7\u00e3o do governo Dilma Rousseff \u00e0 a\u00e7\u00e3o militar israelense em Gaza gerou forte rea\u00e7\u00e3o contr\u00e1ria de l\u00edderes evang\u00e9licos brasileiros, expondo os crescentes la\u00e7os entre igrejas protestantes e o governo de Israel. A mobiliza\u00e7\u00e3o evang\u00e9lica teve in\u00edcio em 23 de julho, quando o governo federal divulgou uma nota condenando os ataques israelenses em Gaza e [&hellip;]<\/p>\n","protected":false},"author":1,"featured_media":26477,"comment_status":"open","ping_status":"closed","sticky":false,"template":"","format":"standard","meta":[],"categories":[5],"tags":[],"_links":{"self":[{"href":"https:\/\/blitzconquista.com.br\/index.php?rest_route=\/wp\/v2\/posts\/26476"}],"collection":[{"href":"https:\/\/blitzconquista.com.br\/index.php?rest_route=\/wp\/v2\/posts"}],"about":[{"href":"https:\/\/blitzconquista.com.br\/index.php?rest_route=\/wp\/v2\/types\/post"}],"author":[{"embeddable":true,"href":"https:\/\/blitzconquista.com.br\/index.php?rest_route=\/wp\/v2\/users\/1"}],"replies":[{"embeddable":true,"href":"https:\/\/blitzconquista.com.br\/index.php?rest_route=%2Fwp%2Fv2%2Fcomments&post=26476"}],"version-history":[{"count":0,"href":"https:\/\/blitzconquista.com.br\/index.php?rest_route=\/wp\/v2\/posts\/26476\/revisions"}],"wp:featuredmedia":[{"embeddable":true,"href":"https:\/\/blitzconquista.com.br\/index.php?rest_route=\/"}],"wp:attachment":[{"href":"https:\/\/blitzconquista.com.br\/index.php?rest_route=%2Fwp%2Fv2%2Fmedia&parent=26476"}],"wp:term":[{"taxonomy":"category","embeddable":true,"href":"https:\/\/blitzconquista.com.br\/index.php?rest_route=%2Fwp%2Fv2%2Fcategories&post=26476"},{"taxonomy":"post_tag","embeddable":true,"href":"https:\/\/blitzconquista.com.br\/index.php?rest_route=%2Fwp%2Fv2%2Ftags&post=26476"}],"curies":[{"name":"wp","href":"https:\/\/api.w.org\/{rel}","templated":true}]}}