{"id":26487,"date":"2014-08-06T16:32:27","date_gmt":"2014-08-06T19:32:27","guid":{"rendered":"http:\/\/blitzconquista.com.br\/new\/?p=26487"},"modified":"2014-08-06T16:32:27","modified_gmt":"2014-08-06T19:32:27","slug":"estaduais-devem-comecar-no-fim-de-semana-do-dia-8-de-fevereiro","status":"publish","type":"post","link":"https:\/\/blitzconquista.com.br\/?p=26487","title":{"rendered":"Estaduais devem come\u00e7ar no fim de semana do dia 8 de fevereiro"},"content":{"rendered":"<p>O martelo ainda n\u00e3o foi batido, mas os presidentes de federa\u00e7\u00f5es j\u00e1 se preparam para programarem o in\u00edcio dos estaduais de 2015 para o fim de semana do dia 8 de fevereiro. De acordo com a apura\u00e7\u00e3o do blog, a c\u00fapula da CBF tem divulgado essa data entre os cartolas em reuni\u00f5es na sede da entidade, no Rio de Janeiro.<\/p>\n<p>O vice-presidente Marco Polo Del Nero garantiu na semana passada que o calend\u00e1rio do pr\u00f3ximo ano vai respeitar os 30 dias de f\u00e9rias dos jogadores e os 30 dias de pr\u00e9-temporada solicitados pelos clubes.<\/p>\n<p>Ainda segundo pessoas ouvidas pela reportagem, at\u00e9 agora a CBF n\u00e3o se op\u00f4s aos campeonatos que ter\u00e3o 23 datas. S\u00e3o Paulo continuar\u00e1 com 19, como foi neste ano, com o formato de grupos, com os quatro grandes como cabe\u00e7as de chave.<\/p>\n<p><a href=\"http:\/\/blitzconquista.com.br\/new\/wp-content\/uploads\/2014\/06\/espn.jpg\"><img decoding=\"async\" loading=\"lazy\" class=\"alignnone  wp-image-24642\" src=\"http:\/\/blitzconquista.com.br\/new\/wp-content\/uploads\/2014\/06\/espn.jpg\" alt=\"espn\" width=\"104\" height=\"35\" \/><\/a><\/p>\n","protected":false},"excerpt":{"rendered":"<p>O martelo ainda n\u00e3o foi batido, mas os presidentes de federa\u00e7\u00f5es j\u00e1 se preparam para programarem o in\u00edcio dos estaduais de 2015 para o fim de semana do dia 8 de fevereiro. De acordo com a apura\u00e7\u00e3o do blog, a c\u00fapula da CBF tem divulgado essa data entre os cartolas em reuni\u00f5es na sede da [&hellip;]<\/p>\n","protected":false},"author":1,"featured_media":26488,"comment_status":"open","ping_status":"closed","sticky":false,"template":"","format":"standard","meta":[],"categories":[1],"tags":[],"_links":{"self":[{"href":"https:\/\/blitzconquista.com.br\/index.php?rest_route=\/wp\/v2\/posts\/26487"}],"collection":[{"href":"https:\/\/blitzconquista.com.br\/index.php?rest_route=\/wp\/v2\/posts"}],"about":[{"href":"https:\/\/blitzconquista.com.br\/index.php?rest_route=\/wp\/v2\/types\/post"}],"author":[{"embeddable":true,"href":"https:\/\/blitzconquista.com.br\/index.php?rest_route=\/wp\/v2\/users\/1"}],"replies":[{"embeddable":true,"href":"https:\/\/blitzconquista.com.br\/index.php?rest_route=%2Fwp%2Fv2%2Fcomments&post=26487"}],"version-history":[{"count":0,"href":"https:\/\/blitzconquista.com.br\/index.php?rest_route=\/wp\/v2\/posts\/26487\/revisions"}],"wp:featuredmedia":[{"embeddable":true,"href":"https:\/\/blitzconquista.com.br\/index.php?rest_route=\/"}],"wp:attachment":[{"href":"https:\/\/blitzconquista.com.br\/index.php?rest_route=%2Fwp%2Fv2%2Fmedia&parent=26487"}],"wp:term":[{"taxonomy":"category","embeddable":true,"href":"https:\/\/blitzconquista.com.br\/index.php?rest_route=%2Fwp%2Fv2%2Fcategories&post=26487"},{"taxonomy":"post_tag","embeddable":true,"href":"https:\/\/blitzconquista.com.br\/index.php?rest_route=%2Fwp%2Fv2%2Ftags&post=26487"}],"curies":[{"name":"wp","href":"https:\/\/api.w.org\/{rel}","templated":true}]}}