{"id":26539,"date":"2014-08-08T00:36:47","date_gmt":"2014-08-08T03:36:47","guid":{"rendered":"http:\/\/blitzconquista.com.br\/new\/?p=26539"},"modified":"2014-08-08T00:36:47","modified_gmt":"2014-08-08T03:36:47","slug":"servidores-do-judiciario-federal-entram-em-greve","status":"publish","type":"post","link":"https:\/\/blitzconquista.com.br\/?p=26539","title":{"rendered":"Servidores do Judici\u00e1rio Federal entram em greve"},"content":{"rendered":"<p>Os servidores do Poder Judici\u00e1rio Federal e do Minist\u00e9rio P\u00fablico da Uni\u00e3o (MPU) entraram em greve por tempo indeterminado. Os trabalhadores procuraram representantes do Supremo Tribunal Federal (STF) e da Presid\u00eancia da Rep\u00fablica para negociar um reajuste de sal\u00e1rio, com base na reposi\u00e7\u00e3o inflacion\u00e1ria.<br \/>\nNo Supremo, al\u00e9m de fazerem uma manifesta\u00e7\u00e3o em frente \u00e0 Corte, representantes do Sindicato dos Trabalhadores do Poder Judici\u00e1rio e do Minist\u00e9rio P\u00fablico da Uni\u00e3o no Distrito Federal (Sindjus) reuniram-se com o diretor-geral do STF, Amarildo Vieira de Oliveira. Eles pediram que a proposta de aumento seja encaminhada pelo Supremo \u00e0 Presid\u00eancia at\u00e9 o dia 15 para compor o Or\u00e7amento da Uni\u00e3o para 2015.<br \/>\nEnquanto seus representantes eram recebidos no STF, os servidores atravessaram a Pra\u00e7a dos Tr\u00eas Poderes e fecharam a avenida em frente ao Pal\u00e1cio do Planalto por cerca de 30 minutos. O objetivo, segundo eles, era pressionar a presidenta Dilma Rousseff para que n\u00e3o retire a previs\u00e3o de reajuste do Or\u00e7amento de 2015. Em uma negocia\u00e7\u00e3o para que os manifestantes desbloqueassem a rua, a Secretaria-Geral da Presid\u00eancia informou que eles seriam recebidos por um representante ainda nesta quinta.<br \/>\nOs servidores de Bras\u00edlia j\u00e1 entraram em greve nessa quarta-feira (6), mas a paralisa\u00e7\u00e3o nacional do Judici\u00e1rio Federal est\u00e1 marcada para o dia 14. Segundo a Federa\u00e7\u00e3o Nacional dos Trabalhadores do Judici\u00e1rio Federal e do Minist\u00e9rio P\u00fablico, 19 sindicatos confirmaram presen\u00e7a no ato.<br \/>\nA Pol\u00edcia Militar do Distrito Federal informou que cerca de 400 pessoas bloquearam a via de acesso ao Planalto. Segundo Azeredo, mais de mil servidores participaram do protesto na Pra\u00e7a.<em>*As informa\u00e7\u00f5es s\u00e3o da Ag\u00eancia Brasil<\/em><\/p>\n","protected":false},"excerpt":{"rendered":"<p>Os servidores do Poder Judici\u00e1rio Federal e do Minist\u00e9rio P\u00fablico da Uni\u00e3o (MPU) entraram em greve por tempo indeterminado. Os trabalhadores procuraram representantes do Supremo Tribunal Federal (STF) e da Presid\u00eancia da Rep\u00fablica para negociar um reajuste de sal\u00e1rio, com base na reposi\u00e7\u00e3o inflacion\u00e1ria. No Supremo, al\u00e9m de fazerem uma manifesta\u00e7\u00e3o em frente \u00e0 Corte, [&hellip;]<\/p>\n","protected":false},"author":1,"featured_media":26540,"comment_status":"open","ping_status":"closed","sticky":false,"template":"","format":"standard","meta":[],"categories":[4],"tags":[],"_links":{"self":[{"href":"https:\/\/blitzconquista.com.br\/index.php?rest_route=\/wp\/v2\/posts\/26539"}],"collection":[{"href":"https:\/\/blitzconquista.com.br\/index.php?rest_route=\/wp\/v2\/posts"}],"about":[{"href":"https:\/\/blitzconquista.com.br\/index.php?rest_route=\/wp\/v2\/types\/post"}],"author":[{"embeddable":true,"href":"https:\/\/blitzconquista.com.br\/index.php?rest_route=\/wp\/v2\/users\/1"}],"replies":[{"embeddable":true,"href":"https:\/\/blitzconquista.com.br\/index.php?rest_route=%2Fwp%2Fv2%2Fcomments&post=26539"}],"version-history":[{"count":0,"href":"https:\/\/blitzconquista.com.br\/index.php?rest_route=\/wp\/v2\/posts\/26539\/revisions"}],"wp:featuredmedia":[{"embeddable":true,"href":"https:\/\/blitzconquista.com.br\/index.php?rest_route=\/"}],"wp:attachment":[{"href":"https:\/\/blitzconquista.com.br\/index.php?rest_route=%2Fwp%2Fv2%2Fmedia&parent=26539"}],"wp:term":[{"taxonomy":"category","embeddable":true,"href":"https:\/\/blitzconquista.com.br\/index.php?rest_route=%2Fwp%2Fv2%2Fcategories&post=26539"},{"taxonomy":"post_tag","embeddable":true,"href":"https:\/\/blitzconquista.com.br\/index.php?rest_route=%2Fwp%2Fv2%2Ftags&post=26539"}],"curies":[{"name":"wp","href":"https:\/\/api.w.org\/{rel}","templated":true}]}}