{"id":26600,"date":"2014-08-12T09:26:39","date_gmt":"2014-08-12T12:26:39","guid":{"rendered":"http:\/\/blitzconquista.com.br\/new\/?p=26600"},"modified":"2014-08-12T09:26:39","modified_gmt":"2014-08-12T12:26:39","slug":"edital-no-0072014-prefeitura-realiza-segunda-convocacao","status":"publish","type":"post","link":"https:\/\/blitzconquista.com.br\/?p=26600","title":{"rendered":"Edital n\u00ba 007\/2014: Prefeitura realiza segunda convoca\u00e7\u00e3o"},"content":{"rendered":"<p>A Prefeitura de Vit\u00f3ria da Conquista, atrav\u00e9s da Secretaria Municipal de Administra\u00e7\u00e3o e da Secretaria Municipal de Sa\u00fade, realiza a segunda convoca\u00e7\u00e3o dos profissionais aprovados na sele\u00e7\u00e3o interna, referente ao Edital n\u00ba 007\/2014, do Programa de Sa\u00fade da Fam\u00edlia (PSF) e do N\u00facleo de Apoio \u00e0 Sa\u00fade da Fam\u00edlia (Nasf).<\/p>\n<p>Os profissionais aprovados devem se apresentar para o in\u00edcio das atividades no dia 13 de agosto, \u00e0s 8h, na Diretoria de Aten\u00e7\u00e3o B\u00e1sica, localizada na Rua Ot\u00e1vio Santos, n\u00ba 79, Centro. Na ocasi\u00e3o, \u00e9 preciso apresentar documento de identifica\u00e7\u00e3o original com foto. A lista dos aprovados pode ser conferida no Edital n\u00ba 007\/2014 \u2013 2\u00aa convoca\u00e7\u00e3o, no site da prefeitura.<\/p>\n","protected":false},"excerpt":{"rendered":"<p>A Prefeitura de Vit\u00f3ria da Conquista, atrav\u00e9s da Secretaria Municipal de Administra\u00e7\u00e3o e da Secretaria Municipal de Sa\u00fade, realiza a segunda convoca\u00e7\u00e3o dos profissionais aprovados na sele\u00e7\u00e3o interna, referente ao Edital n\u00ba 007\/2014, do Programa de Sa\u00fade da Fam\u00edlia (PSF) e do N\u00facleo de Apoio \u00e0 Sa\u00fade da Fam\u00edlia (Nasf). Os profissionais aprovados devem se [&hellip;]<\/p>\n","protected":false},"author":1,"featured_media":24274,"comment_status":"open","ping_status":"closed","sticky":false,"template":"","format":"standard","meta":[],"categories":[4],"tags":[],"_links":{"self":[{"href":"https:\/\/blitzconquista.com.br\/index.php?rest_route=\/wp\/v2\/posts\/26600"}],"collection":[{"href":"https:\/\/blitzconquista.com.br\/index.php?rest_route=\/wp\/v2\/posts"}],"about":[{"href":"https:\/\/blitzconquista.com.br\/index.php?rest_route=\/wp\/v2\/types\/post"}],"author":[{"embeddable":true,"href":"https:\/\/blitzconquista.com.br\/index.php?rest_route=\/wp\/v2\/users\/1"}],"replies":[{"embeddable":true,"href":"https:\/\/blitzconquista.com.br\/index.php?rest_route=%2Fwp%2Fv2%2Fcomments&post=26600"}],"version-history":[{"count":0,"href":"https:\/\/blitzconquista.com.br\/index.php?rest_route=\/wp\/v2\/posts\/26600\/revisions"}],"wp:featuredmedia":[{"embeddable":true,"href":"https:\/\/blitzconquista.com.br\/index.php?rest_route=\/"}],"wp:attachment":[{"href":"https:\/\/blitzconquista.com.br\/index.php?rest_route=%2Fwp%2Fv2%2Fmedia&parent=26600"}],"wp:term":[{"taxonomy":"category","embeddable":true,"href":"https:\/\/blitzconquista.com.br\/index.php?rest_route=%2Fwp%2Fv2%2Fcategories&post=26600"},{"taxonomy":"post_tag","embeddable":true,"href":"https:\/\/blitzconquista.com.br\/index.php?rest_route=%2Fwp%2Fv2%2Ftags&post=26600"}],"curies":[{"name":"wp","href":"https:\/\/api.w.org\/{rel}","templated":true}]}}