{"id":26608,"date":"2014-08-12T09:41:29","date_gmt":"2014-08-12T12:41:29","guid":{"rendered":"http:\/\/blitzconquista.com.br\/new\/?p=26608"},"modified":"2014-08-12T09:41:29","modified_gmt":"2014-08-12T12:41:29","slug":"governo-sanciona-lei-que-regulamenta-cotas-raciais-em-concursos-publicos","status":"publish","type":"post","link":"https:\/\/blitzconquista.com.br\/?p=26608","title":{"rendered":"Governo sanciona lei que regulamenta cotas raciais em concursos p\u00fablicos"},"content":{"rendered":"<p>Na \u00faltima sexta-feira(08), o governador do Estado sancionou a lei que regulamenta a reserva de 30% de vagas \u00e0 popula\u00e7\u00e3o negra nos concursos p\u00fablicos estaduais &#8211; as populares cotas. O decreto que regulamenta a medida foi publicado no Di\u00e1rio Oficial do Estado (DOE) do final de semana, e determina que os editais de concursos e sele\u00e7\u00f5es p\u00fablicas dever\u00e3o conter, expressamente, o n\u00famero de vagas existentes, bem como o total correspondente a reserva destinada \u00e0 popula\u00e7\u00e3o negra. Al\u00e9m disso, a reserva de vagas ser\u00e1 aplicada sempre que o n\u00famero de vagas oferecidas no concurso p\u00fablico ou no processo seletivo simplificado for igual ou superior a tr\u00eas, observados os crit\u00e9rios do edital.<\/p>\n","protected":false},"excerpt":{"rendered":"<p>Na \u00faltima sexta-feira(08), o governador do Estado sancionou a lei que regulamenta a reserva de 30% de vagas \u00e0 popula\u00e7\u00e3o negra nos concursos p\u00fablicos estaduais &#8211; as populares cotas. O decreto que regulamenta a medida foi publicado no Di\u00e1rio Oficial do Estado (DOE) do final de semana, e determina que os editais de concursos e [&hellip;]<\/p>\n","protected":false},"author":1,"featured_media":26609,"comment_status":"open","ping_status":"closed","sticky":false,"template":"","format":"standard","meta":[],"categories":[5],"tags":[],"_links":{"self":[{"href":"https:\/\/blitzconquista.com.br\/index.php?rest_route=\/wp\/v2\/posts\/26608"}],"collection":[{"href":"https:\/\/blitzconquista.com.br\/index.php?rest_route=\/wp\/v2\/posts"}],"about":[{"href":"https:\/\/blitzconquista.com.br\/index.php?rest_route=\/wp\/v2\/types\/post"}],"author":[{"embeddable":true,"href":"https:\/\/blitzconquista.com.br\/index.php?rest_route=\/wp\/v2\/users\/1"}],"replies":[{"embeddable":true,"href":"https:\/\/blitzconquista.com.br\/index.php?rest_route=%2Fwp%2Fv2%2Fcomments&post=26608"}],"version-history":[{"count":0,"href":"https:\/\/blitzconquista.com.br\/index.php?rest_route=\/wp\/v2\/posts\/26608\/revisions"}],"wp:featuredmedia":[{"embeddable":true,"href":"https:\/\/blitzconquista.com.br\/index.php?rest_route=\/"}],"wp:attachment":[{"href":"https:\/\/blitzconquista.com.br\/index.php?rest_route=%2Fwp%2Fv2%2Fmedia&parent=26608"}],"wp:term":[{"taxonomy":"category","embeddable":true,"href":"https:\/\/blitzconquista.com.br\/index.php?rest_route=%2Fwp%2Fv2%2Fcategories&post=26608"},{"taxonomy":"post_tag","embeddable":true,"href":"https:\/\/blitzconquista.com.br\/index.php?rest_route=%2Fwp%2Fv2%2Ftags&post=26608"}],"curies":[{"name":"wp","href":"https:\/\/api.w.org\/{rel}","templated":true}]}}