{"id":26614,"date":"2014-08-12T09:57:28","date_gmt":"2014-08-12T12:57:28","guid":{"rendered":"http:\/\/blitzconquista.com.br\/new\/?p=26614"},"modified":"2014-08-12T09:57:28","modified_gmt":"2014-08-12T12:57:28","slug":"decreto-determina-selo-fiscal-obrigatorio-em-garrafoes-de-agua-mineral-na-bahia","status":"publish","type":"post","link":"https:\/\/blitzconquista.com.br\/?p=26614","title":{"rendered":"Decreto determina selo fiscal obrigat\u00f3rio em garraf\u00f5es de \u00e1gua mineral na Bahia"},"content":{"rendered":"<p>Garantir a proced\u00eancia da \u00e1gua mineral consumida por milhares de baianos, evitar a concorr\u00eancia desleal e combater a sonega\u00e7\u00e3o de impostos no setor. Estes s\u00e3o os objetivos do selo fiscal obrigat\u00f3rio, que acaba de ser institu\u00eddo pelo governo baiano, por interm\u00e9dio do Decreto n\u00ba 15.352, publicado na edi\u00e7\u00e3o dos dias 9 e 10 de agosto no Di\u00e1rio Oficial do Estado. A medida passa a valer a partir de outubro.<\/p>\n<p>De acordo com a Secretaria da Fazenda do Estado (Sefaz-BA), respons\u00e1vel pela medida, o selo regulamenta a venda de \u00e1gua mineral ou de \u00e1gua adicionada de sais em garraf\u00f5es de 20 litros. A obrigatoriedade do selo fiscal para o mercado de \u00e1gua mineral em vasilhames de 20 litros j\u00e1 \u00e9 realidade em outros estados, como Pernambuco, Para\u00edba, Alagoas e Sergipe. Os bons resultados est\u00e3o estimulando os demais estados a implementarem o selo, como aconteceu recentemente no Cear\u00e1.<\/p>\n<p><strong>Caracter\u00edsticas<\/strong><\/p>\n<p>Para comprar \u00e1gua em garraf\u00f5es de 20 litros com garantia de proced\u00eancia, o consumidor deve estar atento \u00e0s caracter\u00edsticas do selo fiscal obrigat\u00f3rio que ser\u00e1 colocado no produto. O selo tem as medidas de 20 x 40 mm, o nome \u2018SEFAZ-BA\u2019, em mai\u00fasculas, na parte superior, o bras\u00e3o do Estado da Bahia e, logo abaixo, a express\u00e3o \u2018Selo Fiscal de Controle de \u00c1gua Mineral\u2019.<\/p>\n<p>Foram inclu\u00eddos diversos elementos para atestar a originalidade do adesivo, como uma barra hologr\u00e1fica do lado esquerdo, tarja geom\u00e9trica positiva e um fundo invis\u00edvel que, em contato com a luz, mostra a inscri\u00e7\u00e3o \u2018ORIGINAL SEFAZ\/BA\u2019, tamb\u00e9m em mai\u00fasculas. Com informa\u00e7\u00f5es s\u00e3o Agecom-Ba<\/p>\n","protected":false},"excerpt":{"rendered":"<p>Garantir a proced\u00eancia da \u00e1gua mineral consumida por milhares de baianos, evitar a concorr\u00eancia desleal e combater a sonega\u00e7\u00e3o de impostos no setor. Estes s\u00e3o os objetivos do selo fiscal obrigat\u00f3rio, que acaba de ser institu\u00eddo pelo governo baiano, por interm\u00e9dio do Decreto n\u00ba 15.352, publicado na edi\u00e7\u00e3o dos dias 9 e 10 de agosto [&hellip;]<\/p>\n","protected":false},"author":1,"featured_media":26615,"comment_status":"open","ping_status":"closed","sticky":false,"template":"","format":"standard","meta":[],"categories":[4],"tags":[],"_links":{"self":[{"href":"https:\/\/blitzconquista.com.br\/index.php?rest_route=\/wp\/v2\/posts\/26614"}],"collection":[{"href":"https:\/\/blitzconquista.com.br\/index.php?rest_route=\/wp\/v2\/posts"}],"about":[{"href":"https:\/\/blitzconquista.com.br\/index.php?rest_route=\/wp\/v2\/types\/post"}],"author":[{"embeddable":true,"href":"https:\/\/blitzconquista.com.br\/index.php?rest_route=\/wp\/v2\/users\/1"}],"replies":[{"embeddable":true,"href":"https:\/\/blitzconquista.com.br\/index.php?rest_route=%2Fwp%2Fv2%2Fcomments&post=26614"}],"version-history":[{"count":0,"href":"https:\/\/blitzconquista.com.br\/index.php?rest_route=\/wp\/v2\/posts\/26614\/revisions"}],"wp:featuredmedia":[{"embeddable":true,"href":"https:\/\/blitzconquista.com.br\/index.php?rest_route=\/"}],"wp:attachment":[{"href":"https:\/\/blitzconquista.com.br\/index.php?rest_route=%2Fwp%2Fv2%2Fmedia&parent=26614"}],"wp:term":[{"taxonomy":"category","embeddable":true,"href":"https:\/\/blitzconquista.com.br\/index.php?rest_route=%2Fwp%2Fv2%2Fcategories&post=26614"},{"taxonomy":"post_tag","embeddable":true,"href":"https:\/\/blitzconquista.com.br\/index.php?rest_route=%2Fwp%2Fv2%2Ftags&post=26614"}],"curies":[{"name":"wp","href":"https:\/\/api.w.org\/{rel}","templated":true}]}}