{"id":26624,"date":"2014-08-12T18:50:49","date_gmt":"2014-08-12T21:50:49","guid":{"rendered":"http:\/\/blitzconquista.com.br\/new\/?p=26624"},"modified":"2014-08-12T18:50:49","modified_gmt":"2014-08-12T21:50:49","slug":"brasileiro-ganha-nobel-da-matematica","status":"publish","type":"post","link":"https:\/\/blitzconquista.com.br\/?p=26624","title":{"rendered":"Brasileiro ganha &#8216;Nobel&#8217; da matem\u00e1tica"},"content":{"rendered":"<p>SEUL, Coreia do Sul &#8211; Um carioca de 35 anos se tornou o primeiro brasileiro a receber a prestigiada Medalha Fields, considerada o pr\u00eamio Nobel da matem\u00e1tica. Artur Avila foi anunciado como merecedor da l\u00e1urea m\u00e1xima da Uni\u00e3o Internacional de Matem\u00e1tica (IMU, na sigla em ingl\u00eas), durante o Congresso Internacional de Matem\u00e1ticos, nesta ter\u00e7a-feira, quarta de manh\u00e3 em Seul, na Coreia do Sul, onde o evento acontece. A medalha \u00e9 entregue a cada quatro anos, a no m\u00ednimo dois e no m\u00e1ximo quatro profissionais com menos de 40 anos cujos trabalhos um comit\u00ea secreto julga terem sido fundamentais para o avan\u00e7o da matem\u00e1tica. Junto com Avila, este ano a Fields foi entregue tamb\u00e9m ao canadense Manjul Bhargava, ao austr\u00edaco Martin Hairer e \u00e0 iraniana Maryam Mirzakhani.<\/p>\n<p>\u201cArtur Avila fez not\u00e1veis contribui\u00e7\u00f5es no campo dos sistemas din\u00e2micos, an\u00e1lise e outras \u00e1reas, em muitos casos provando resultados decisivos que resolveram problemas h\u00e1 muito tempo em aberto. Quase todo seu trabalho foi feito por meio de colabora\u00e7\u00f5es com cerca de 30 matem\u00e1ticos de todo mundo. Para estas colabora\u00e7\u00f5es, Avila traz um formid\u00e1vel poder t\u00e9cnico, a engenhosidade e tenacidade de um mestre em resolver problemas e um profundo senso para quest\u00f5es profundas e significativas. Os feitos de Avila s\u00e3o muitos e abrangem uma ampla gama de t\u00f3picos. Com sua combina\u00e7\u00e3o de tremendo poder anal\u00edtico e profunda intui\u00e7\u00e3o sobre sistemas din\u00e2micos, Artur Avila certamente continuar\u00e1 um l\u00edder na matem\u00e1tica ainda por muitos anos\u201d, escreveu o comit\u00ea da IMU na sua justificativa para o pr\u00eamio.<\/p>\n<p>Ex-aluno de duas escolas tradicionais do Rio, os col\u00e9gios Santo Agostinho e S\u00e3o Bento, o calculista coleciona medalhas desde os 13 anos, quando ganhou um bronze na Olimp\u00edada Brasileira de Matem\u00e1tica (OBM) de 1992. De l\u00e1 at\u00e9 receber a sonhada Fields, Avila conquistou alguns ouros em outras edi\u00e7\u00f5es da olimp\u00edada e concluiu seu doutorado no Instituto de Matem\u00e1tica Pura e Aplicada (Impa), em 2011, aos 21 anos. Hoje, divide seu tempo entre o Impa, onde atua como pesquisador extraordin\u00e1rio, e o trabalho de diretor de pesquisa do Centro Nacional de Pesquisas Cient\u00edficas da Fran\u00e7a, em Paris.<\/p>\n<div style=\"overflow: hidden; color: #000000; background-color: #ffffff; text-align: left; text-decoration: none;\">\n<p><strong>&#8220;Sentia isso como uma press\u00e3o&#8221;<\/strong><\/p>\n<p>\u00c0 diferen\u00e7a do Nobel, cujos vencedores s\u00f3 sabem da premia\u00e7\u00e3o ap\u00f3s o an\u00fancio oficial na Su\u00e9cia, os ganhadores da Medalha Fields s\u00e3o informados previamente. O carioca, que j\u00e1 havia sido cogitado para o pr\u00eamio em 2010, recebeu a not\u00edcia h\u00e1 dois meses, com um certo al\u00edvio.<\/p>\n<p>\u2014 H\u00e1 v\u00e1rios anos existia uma expectativa nessa dire\u00e7\u00e3o, e realmente eu sentia isso como uma press\u00e3o sobre mim, tamb\u00e9m pela sua import\u00e2ncia para o Brasil, que de maneira um pouco estranha nunca teve pr\u00eamios internacionais desse porte, como um Nobel. Assim, ficava um pouco pesado. A not\u00edcia da medalha teve, para mim, um primeiro efeito de al\u00edvio \u2014 conta Avila.<\/p>\n<p>O matem\u00e1tico trabalha com a \u00e1rea de sistemas din\u00e2micos, mais conhecida como a teoria do caos, que busca descrever e prever como evoluem todos os sistemas que mudam com o tempo. A forma\u00e7\u00e3o de uma nuvem, por exemplo, desenvolve-se como base em um sem-n\u00famero de fatores. Trata-se de um campo de mais alta complexidade. No Impa, a not\u00edcia sobre o pr\u00eamio foi recebida com muita festa:<\/p>\n<p>\u2014 Essa medalha para o Artur vem primeiro coroar o trabalho individual dele, mas, ao mesmo tempo, \u00e9 coerente com a situa\u00e7\u00e3o da matem\u00e1tica brasileira \u2014 pondera C\u00e9sar Camacho, diretor-geral do Impa. \u2014 N\u00e3o \u00e9 como um salto qu\u00e2ntico. Um feito excepcional, sim, mas n\u00e3o fora da curva. \u00c9 resultado de um longo trabalho de constru\u00e7\u00e3o do Impa como centro de excel\u00eancia da matem\u00e1tica mundial nos \u00faltimos 62 anos. Somos uma institui\u00e7\u00e3o aberta, com muitos contatos e intera\u00e7\u00e3o com outras no exterior, e na qual tudo \u00e9 feito com base no m\u00e9rito.<\/p>\n<p>Avila e os outros tr\u00eas ganhadores deste ano se juntam \u00e0s outras 52 pessoas laureadas desde a primeira Medalha Fields, em 1936. O pr\u00eamio foi criado pelo canadense John Charles Fields, para \u201creparar\u201d o erro do sueco Alfred Nobels, que, ao elaborar o Pr\u00eamio Nobel, em 1895, desconsiderou a matem\u00e1tica como ci\u00eancia importante. Hoje, os ganhadores da Medalha Fields recebem 15 mil d\u00f3lares canadenses (R$ 31 mil). Valor bem menor do que as 8 milh\u00f5es de coroas suecas (cerca de R$ 2,7 milh\u00f5es) pagos aos premiados com o Nobel. Nas 17 edi\u00e7\u00f5es anteriores da Fields, os americanos foram os mais premiados (12 vezes). A medalha de \u00c1vila \u00e9 a primeira de um matem\u00e1tico da Am\u00e9rica Latina.<\/p>\n<p>Orientador do pesquisador em seu doutorado no Impa, Welington de Melo afirma que o trabalho dele j\u00e1 o credenciava \u00e0 medalha no congresso de 2010, na cidade indiana de Hyderabad (a pr\u00f3xima edi\u00e7\u00e3o, ali\u00e1s, acontece no Rio, em 2018.).<\/p>\n<p>\u2014 Ele s\u00f3 n\u00e3o ganhou porque tinha outra chance. Os trabalhos que tinha feito j\u00e1 eram mais do que suficientes \u2014 avalia. \u2014 O Brasil nunca teve um ganhador do Nobel antes, e a Fields \u00e9 algo at\u00e9 mais dif\u00edcil. Espero que o Artur sirva como est\u00edmulo para outros jovens se esfor\u00e7arem para serem grandes matem\u00e1ticos e continuarem a levar a matem\u00e1tica brasileira e mundial a um alt\u00edssimo n\u00edvel.<\/p>\n<p>Ex-professor e hoje colaborador de Avila, Marcelo Viana, pesquisador do Impa e presidente da Sociedade Brasileira de Matem\u00e1tica, diz que um dos talentos dele \u00e9 a capacidade de transitar por muitas \u00e1reas da matem\u00e1tica avan\u00e7ada.<\/p>\n<p>\u2014 Artur pegou a bagagem que acumulou no Impa e foi al\u00e9m. Ele \u00e9 muito produtivo, tem grande capacidade de concentra\u00e7\u00e3o e n\u00e3o faz nada que n\u00e3o seja profundo \u2014 elogia.<\/p>\n<p>Presidente da IMU e primeira mulher nesse posto, a belga Ingrid Daubechies v\u00ea em Avila versatilidade e esp\u00edrito colaborativo.<\/p>\n<p>\u2014 Ele trabalha com sistemas din\u00e2micos, um campo muito interessante que se conecta com uma ampla gama de aplica\u00e7\u00f5es, mas tamb\u00e9m com diversas dificuldades t\u00e9cnicas e quest\u00f5es em aberto das quais muitas ele simplesmente derrubou ou desbloqueou. \u2014 explica. \u2014 Artur surpreendeu pela abrang\u00eancia de suas colabora\u00e7\u00f5es. Antes, era frequente que os mais fortes resultados fossem obtidos por matem\u00e1ticos isoladamente ou em colabora\u00e7\u00e3o com apenas uma pessoa, mas isso est\u00e1 mudando. Muitos dos melhores e mais jovens matem\u00e1ticos gostam de colaborar entre si. Esta \u00e9 uma caracter\u00edstica de Artur.<\/p>\n<p>Assim como Camacho, Ingrid v\u00ea na escolha de Avila para o pr\u00eamio um reconhecimento da comunidade matem\u00e1tica internacional ao trabalho realizado pelo Impa.<\/p>\n<p>&#8211; O Impa tem sido um forte centro de produ\u00e7\u00e3o de pesquisas em matem\u00e1tica j\u00e1 h\u00e1 muitos anos e isso \u00e9 um reconhecimento de que o Brasil agora chegou ao mais alto n\u00edvel poss\u00edvel \u2013 diz. &#8211; A matem\u00e1tica \u00e9 a mais antiga das ci\u00eancias e \u00e9 maravilhoso ver o seu desenvolvimento em locais fora dos centros tradicionais, como na Europa e Am\u00e9rica do Norte.<\/p>\n<div style=\"overflow: hidden; color: #000000; background-color: #ffffff; text-align: left; text-decoration: none;\"><em>*OGlobo<\/em><\/div>\n<\/div>\n","protected":false},"excerpt":{"rendered":"<p>SEUL, Coreia do Sul &#8211; Um carioca de 35 anos se tornou o primeiro brasileiro a receber a prestigiada Medalha Fields, considerada o pr\u00eamio Nobel da matem\u00e1tica. Artur Avila foi anunciado como merecedor da l\u00e1urea m\u00e1xima da Uni\u00e3o Internacional de Matem\u00e1tica (IMU, na sigla em ingl\u00eas), durante o Congresso Internacional de Matem\u00e1ticos, nesta ter\u00e7a-feira, quarta [&hellip;]<\/p>\n","protected":false},"author":1,"featured_media":26625,"comment_status":"open","ping_status":"closed","sticky":false,"template":"","format":"standard","meta":[],"categories":[4],"tags":[],"_links":{"self":[{"href":"https:\/\/blitzconquista.com.br\/index.php?rest_route=\/wp\/v2\/posts\/26624"}],"collection":[{"href":"https:\/\/blitzconquista.com.br\/index.php?rest_route=\/wp\/v2\/posts"}],"about":[{"href":"https:\/\/blitzconquista.com.br\/index.php?rest_route=\/wp\/v2\/types\/post"}],"author":[{"embeddable":true,"href":"https:\/\/blitzconquista.com.br\/index.php?rest_route=\/wp\/v2\/users\/1"}],"replies":[{"embeddable":true,"href":"https:\/\/blitzconquista.com.br\/index.php?rest_route=%2Fwp%2Fv2%2Fcomments&post=26624"}],"version-history":[{"count":0,"href":"https:\/\/blitzconquista.com.br\/index.php?rest_route=\/wp\/v2\/posts\/26624\/revisions"}],"wp:featuredmedia":[{"embeddable":true,"href":"https:\/\/blitzconquista.com.br\/index.php?rest_route=\/"}],"wp:attachment":[{"href":"https:\/\/blitzconquista.com.br\/index.php?rest_route=%2Fwp%2Fv2%2Fmedia&parent=26624"}],"wp:term":[{"taxonomy":"category","embeddable":true,"href":"https:\/\/blitzconquista.com.br\/index.php?rest_route=%2Fwp%2Fv2%2Fcategories&post=26624"},{"taxonomy":"post_tag","embeddable":true,"href":"https:\/\/blitzconquista.com.br\/index.php?rest_route=%2Fwp%2Fv2%2Ftags&post=26624"}],"curies":[{"name":"wp","href":"https:\/\/api.w.org\/{rel}","templated":true}]}}