{"id":26684,"date":"2014-08-13T23:38:46","date_gmt":"2014-08-14T02:38:46","guid":{"rendered":"http:\/\/blitzconquista.com.br\/new\/?p=26684"},"modified":"2014-08-13T23:38:46","modified_gmt":"2014-08-14T02:38:46","slug":"novos-conselheiros-do-comdica-foram-apresentados-nesta-quarta-feira13","status":"publish","type":"post","link":"https:\/\/blitzconquista.com.br\/?p=26684","title":{"rendered":"Novos Conselheiros do Comdica foram apresentados nesta quarta-feira(13)"},"content":{"rendered":"<p>Na manh\u00e3 desta quarta-feira, 13 foi realizado um encontro, no espa\u00e7o do Centro de Refer\u00eancia da Mulher Albertina Vasconcelos (Crav), para a apresenta\u00e7\u00e3o das atividades desenvolvidas pelo Comdica no per\u00edodo de 2012 a 2014, e dos novos conselheiros para a gest\u00e3o 2014-2016.<br \/>\nDentre as prioridades do \u00f3rg\u00e3o, s\u00e3o: formular a pol\u00edtica municipal de atendimento aos direitos e garantir a execu\u00e7\u00e3o das pol\u00edticas p\u00fablicas voltadas ao p\u00fablico infantojuvenil.<br \/>\nO Conselho Municipal de Direitos da Crian\u00e7a e do Adolescente \u00e9 um \u00f3rg\u00e3o deliberativo que tem, entre outras atribui\u00e7\u00f5es, fiscalizar a aplica\u00e7\u00e3o dos recursos financeiros nos programas e servi\u00e7os governamentais e n\u00e3o governamentais. O Comdica fica localizado na Pra\u00e7a Cat\u00e3o Ferraz, s\/n, no Centro, e as reuni\u00f5es semanais acontecem \u00e0s quartas-feiras.<\/p>\n","protected":false},"excerpt":{"rendered":"<p>Na manh\u00e3 desta quarta-feira, 13 foi realizado um encontro, no espa\u00e7o do Centro de Refer\u00eancia da Mulher Albertina Vasconcelos (Crav), para a apresenta\u00e7\u00e3o das atividades desenvolvidas pelo Comdica no per\u00edodo de 2012 a 2014, e dos novos conselheiros para a gest\u00e3o 2014-2016. Dentre as prioridades do \u00f3rg\u00e3o, s\u00e3o: formular a pol\u00edtica municipal de atendimento aos [&hellip;]<\/p>\n","protected":false},"author":1,"featured_media":26685,"comment_status":"open","ping_status":"closed","sticky":false,"template":"","format":"standard","meta":[],"categories":[4],"tags":[],"_links":{"self":[{"href":"https:\/\/blitzconquista.com.br\/index.php?rest_route=\/wp\/v2\/posts\/26684"}],"collection":[{"href":"https:\/\/blitzconquista.com.br\/index.php?rest_route=\/wp\/v2\/posts"}],"about":[{"href":"https:\/\/blitzconquista.com.br\/index.php?rest_route=\/wp\/v2\/types\/post"}],"author":[{"embeddable":true,"href":"https:\/\/blitzconquista.com.br\/index.php?rest_route=\/wp\/v2\/users\/1"}],"replies":[{"embeddable":true,"href":"https:\/\/blitzconquista.com.br\/index.php?rest_route=%2Fwp%2Fv2%2Fcomments&post=26684"}],"version-history":[{"count":0,"href":"https:\/\/blitzconquista.com.br\/index.php?rest_route=\/wp\/v2\/posts\/26684\/revisions"}],"wp:featuredmedia":[{"embeddable":true,"href":"https:\/\/blitzconquista.com.br\/index.php?rest_route=\/"}],"wp:attachment":[{"href":"https:\/\/blitzconquista.com.br\/index.php?rest_route=%2Fwp%2Fv2%2Fmedia&parent=26684"}],"wp:term":[{"taxonomy":"category","embeddable":true,"href":"https:\/\/blitzconquista.com.br\/index.php?rest_route=%2Fwp%2Fv2%2Fcategories&post=26684"},{"taxonomy":"post_tag","embeddable":true,"href":"https:\/\/blitzconquista.com.br\/index.php?rest_route=%2Fwp%2Fv2%2Ftags&post=26684"}],"curies":[{"name":"wp","href":"https:\/\/api.w.org\/{rel}","templated":true}]}}