{"id":26751,"date":"2014-08-14T23:53:19","date_gmt":"2014-08-15T02:53:19","guid":{"rendered":"http:\/\/blitzconquista.com.br\/new\/?p=26751"},"modified":"2014-08-14T23:53:19","modified_gmt":"2014-08-15T02:53:19","slug":"associacao-brasileira-da-industria-de-aguas-minerais-e-contra-a-adocao-do-selo-fiscal-na-agua-mineral","status":"publish","type":"post","link":"https:\/\/blitzconquista.com.br\/?p=26751","title":{"rendered":"Associa\u00e7\u00e3o Brasileira da Ind\u00fastria de \u00c1guas Minerais \u00e9 contra a ado\u00e7\u00e3o do selo fiscal na \u00e1gua mineral"},"content":{"rendered":"<p>Em nota enviada ao Blitz Conquista a Associa\u00e7\u00e3o Brasileira da Ind\u00fastria de \u00c1guas Minerais declara ser contr\u00e1ria a medida que obriga o selo fiscal na \u00e1gua mineral. Leia na \u00edntegra<\/p>\n<p>A partir de 1\u00ba de outubro, ser\u00e1 obrigat\u00f3rio, no estado da Bahia, o uso de selo fiscal no lacre dos vasilhames de 20 litros de \u00e1gua mineral ou adicionadas de sais. \u00c9 isso que define o Decreto n\u00ba 15.352, publicado no Di\u00e1rio Oficial no \u00faltimo s\u00e1bado, 9 de agosto.<\/p>\n<p>Segundo o hidroge\u00f3logo e presidente da Associa\u00e7\u00e3o Brasileira da Ind\u00fastria de \u00c1guas Minerais (Abinam), Carlos Alberto Lancia, a ado\u00e7\u00e3o do selo fiscal \u00e9 sobretudo inflacion\u00e1ria. \u201cUm garraf\u00e3o de 20 litros de \u00e1gua mineral ter\u00e1 um aumento de pre\u00e7o ao consumidor final de no m\u00ednimo R$ 2,00 podendo chegar a R$ 3,00. Al\u00e9m disso, n\u00e3o podemos aceitar a al\u00edquota de 17% do ICMS, a mesma para cervejas e refrigerantes. A \u00e1gua mineral \u00e9 essencial \u00e0 vida e \u00e0 sa\u00fade p\u00fablica, n\u00e3o pode ser tributada como as bebidas a\u00e7ucaradas ou alco\u00f3licas\u201d, afirma o presidente.<\/p>\n<p>Lancia destaca que \u201co papel do Estado \u00e9 propiciar ao cidad\u00e3o uma tributa\u00e7\u00e3o justa e uma concorr\u00eancia leal e saud\u00e1vel. O que \u00e9 mais eficiente, fiscalizar uma vez por m\u00eas 12 empresas de \u00e1gua mineral ou 20 mil pontos de venda? A ado\u00e7\u00e3o do selo fiscal \u00e9 uma medida arcaia de controle fiscal. \u00c9 da \u00e9poca do Imp\u00e9rio no Brasil\u201d.<\/p>\n<p>A Abinam defende a redu\u00e7\u00e3o da carga tribut\u00e1ria do ICMS de 17% para 7% e o aproveitamento dos meios de controle da produ\u00e7\u00e3o j\u00e1 exigidos pela Uni\u00e3o, os hidr\u00f4metros, e n\u00e3o a implanta\u00e7\u00e3o do selo fiscal, resultando em mais efici\u00eancia e menos custos.<\/p>\n<p>\u201cA evas\u00e3o fiscal n\u00e3o se combate com medidas ineficientes, sobretudo, prejudicando o consumidor com aumento de pre\u00e7o de um alimento important\u00edssimo para a sa\u00fade. A Abinam pedir\u00e1 audi\u00eancia ao governador para alert\u00e1-lo sobre estas quest\u00f5es e, temos certeza, ele n\u00e3o est\u00e1 absolutamente inteirado sobre a realidade\u2019, concluiu Lancia.<\/p>\n<p><em>*Assessoria<\/em><\/p>\n","protected":false},"excerpt":{"rendered":"<p>Em nota enviada ao Blitz Conquista a Associa\u00e7\u00e3o Brasileira da Ind\u00fastria de \u00c1guas Minerais declara ser contr\u00e1ria a medida que obriga o selo fiscal na \u00e1gua mineral. Leia na \u00edntegra A partir de 1\u00ba de outubro, ser\u00e1 obrigat\u00f3rio, no estado da Bahia, o uso de selo fiscal no lacre dos vasilhames de 20 litros de [&hellip;]<\/p>\n","protected":false},"author":1,"featured_media":26615,"comment_status":"open","ping_status":"closed","sticky":false,"template":"","format":"standard","meta":[],"categories":[4],"tags":[],"_links":{"self":[{"href":"https:\/\/blitzconquista.com.br\/index.php?rest_route=\/wp\/v2\/posts\/26751"}],"collection":[{"href":"https:\/\/blitzconquista.com.br\/index.php?rest_route=\/wp\/v2\/posts"}],"about":[{"href":"https:\/\/blitzconquista.com.br\/index.php?rest_route=\/wp\/v2\/types\/post"}],"author":[{"embeddable":true,"href":"https:\/\/blitzconquista.com.br\/index.php?rest_route=\/wp\/v2\/users\/1"}],"replies":[{"embeddable":true,"href":"https:\/\/blitzconquista.com.br\/index.php?rest_route=%2Fwp%2Fv2%2Fcomments&post=26751"}],"version-history":[{"count":0,"href":"https:\/\/blitzconquista.com.br\/index.php?rest_route=\/wp\/v2\/posts\/26751\/revisions"}],"wp:featuredmedia":[{"embeddable":true,"href":"https:\/\/blitzconquista.com.br\/index.php?rest_route=\/"}],"wp:attachment":[{"href":"https:\/\/blitzconquista.com.br\/index.php?rest_route=%2Fwp%2Fv2%2Fmedia&parent=26751"}],"wp:term":[{"taxonomy":"category","embeddable":true,"href":"https:\/\/blitzconquista.com.br\/index.php?rest_route=%2Fwp%2Fv2%2Fcategories&post=26751"},{"taxonomy":"post_tag","embeddable":true,"href":"https:\/\/blitzconquista.com.br\/index.php?rest_route=%2Fwp%2Fv2%2Ftags&post=26751"}],"curies":[{"name":"wp","href":"https:\/\/api.w.org\/{rel}","templated":true}]}}