{"id":26787,"date":"2014-06-17T09:57:09","date_gmt":"2014-06-17T12:57:09","guid":{"rendered":"http:\/\/blitzconquista.com.br\/new\/?p=25019"},"modified":"2014-06-17T09:57:09","modified_gmt":"2014-06-17T12:57:09","slug":"estiagem-na-regiao-sudoeste-exige-consumo-consciente-de-agua-diz-embasa","status":"publish","type":"post","link":"https:\/\/blitzconquista.com.br\/?p=26787","title":{"rendered":"Estiagem na regi\u00e3o sudoeste exige consumo consciente de \u00e1gua, diz Embasa"},"content":{"rendered":"<p>Nos \u00faltimos dias a comunidade conquistense tem reclamado da falta de \u00e1gua em diversos bairros da cidade. Segundo a Embasa, o problema seria a quebra de uma adutora que teria provocado a redu\u00e7\u00e3o em 40% do volume total normalmente fornecido. Entretanto, nesta ter\u00e7a-feira (17) a Embasa divulgou uma nota informando que por conta da longa estiagem \u00e9 necess\u00e1rio que os conquistenses consumam a \u00e1gua conscientemente.<\/p>\n<p>Indiretamente, o que parece \u00e9 que a Embasa tenta se isentar da responsabilidade da distribui\u00e7\u00e3o deficit\u00e1ria de \u00e1gua em Conquista, argumentando que o problema seria a estiagem.<\/p>\n<p>\u00c9 com estranheza que a popula\u00e7\u00e3o tem recebido as justificativas da Embasa para a constante falta de \u00e1gua, pois, com a inaugura\u00e7\u00e3o da adutora do Rio Catol\u00e9, o Governo afirmou que Conquista n\u00e3o enfrentaria problemas com o fornecimento de \u00e1gua por t\u00e3o cedo.<\/p>\n<p>&nbsp;<\/p>\n<p><strong>Leia a nota da Embasa<\/strong><\/p>\n<p><em>Com a estiagem prolongada nos \u00faltimos anos, na regi\u00e3o sudoeste, a vaz\u00e3o dos mananciais (Rios Monos e \u00c1gua Fria) tem ca\u00eddo drasticamente. Apesar das interven\u00e7\u00f5es realizadas pela Embasa para manter o abastecimento regular em Vit\u00f3ria da Conquista, as previs\u00f5es de chuva est\u00e3o abaixo do esperado para o per\u00edodo do ano. Por isso, a Embasa iniciou uma campanha para estimular a popula\u00e7\u00e3o a economizar \u00e1gua.<\/em><\/p>\n<p><em>\u00a0<\/em><\/p>\n<p><em>\u201cCom pequenas mudan\u00e7as no dia a dia com rela\u00e7\u00e3o ao uso da \u00e1gua, \u00e9 poss\u00edvel conseguir grandes benef\u00edcios, incluindo uma conta mais baixa. Fechar a torneira quando escovar os dentes ou passar sabonete no banho, lavar o carro com balde, jamais usar \u00e1gua para varrer a cal\u00e7ada e o quintal s\u00e3o algumas dicas de consumo consciente de \u00e1gua. Essas pr\u00e1ticas devem ser constantes, n\u00e3o s\u00f3 no ver\u00e3o\u201d, explica \u00c1lvaro Aguiar, gerente local da Embasa. \u201cOs t\u00e9cnicos da empresa tamb\u00e9m est\u00e3o mobilizados para conter de forma r\u00e1pida os poss\u00edveis vazamentos na rede de distribui\u00e7\u00e3o. Por isso, qualquer quebra na rede, a popula\u00e7\u00e3o tamb\u00e9m pode nos ajudar, ligando para o 0800 0555 195\u201d<\/em><\/p>\n<p><em>\u00a0Em 2013, ainda por conta da pior seca dos \u00faltimos 60 anos no estado, a Embasa investiu cerca de R$ 33 milh\u00f5es na implanta\u00e7\u00e3o da Adutora do Catol\u00e9, obra realizada em seis meses, de forma emergencial, para suprir o d\u00e9ficit de \u00e1gua nas barragens de \u00c1gua Fria I e II, respons\u00e1veis pelo abastecimento da cidade. O empreendimento conta com 15,3 quil\u00f4metros de tubula\u00e7\u00e3o, tr\u00eas esta\u00e7\u00f5es elevat\u00f3rias e um barramento no rio Catol\u00e9 Grande com uma capta\u00e7\u00e3o flutuante que est\u00e1 transportando \u00e1gua para a barragem de \u00c1gua Fria II.<\/em><\/p>\n<p><em>\u00a0Tamb\u00e9m como parte das a\u00e7\u00f5es do governo do estado para enfrentamento da seca, a Embasa ir\u00e1 construir a Barragem do Catol\u00e9 e ampliar o sistema integrado de abastecimento de \u00e1gua de Vit\u00f3ria da Conquista. As a\u00e7\u00f5es, no valor de R$ 208 milh\u00f5es, com recursos pr\u00f3prios e do PAC 2, beneficiar\u00e3o cerca de 340 mil habitantes de Vit\u00f3ria da Conquista, Tremedal, Belo Campo e diversas localidades da regi\u00e3o.<\/em><\/p>\n","protected":false},"excerpt":{"rendered":"<p>Nos \u00faltimos dias a comunidade conquistense tem reclamado da falta de \u00e1gua em diversos bairros da cidade. Segundo a Embasa, o problema seria a quebra de uma adutora que teria provocado a redu\u00e7\u00e3o em 40% do volume total normalmente fornecido. Entretanto, nesta ter\u00e7a-feira (17) a Embasa divulgou uma nota informando que por conta da longa [&hellip;]<\/p>\n","protected":false},"author":1,"featured_media":24857,"comment_status":"open","ping_status":"closed","sticky":false,"template":"","format":"standard","meta":[],"categories":[4],"tags":[],"_links":{"self":[{"href":"https:\/\/blitzconquista.com.br\/index.php?rest_route=\/wp\/v2\/posts\/26787"}],"collection":[{"href":"https:\/\/blitzconquista.com.br\/index.php?rest_route=\/wp\/v2\/posts"}],"about":[{"href":"https:\/\/blitzconquista.com.br\/index.php?rest_route=\/wp\/v2\/types\/post"}],"author":[{"embeddable":true,"href":"https:\/\/blitzconquista.com.br\/index.php?rest_route=\/wp\/v2\/users\/1"}],"replies":[{"embeddable":true,"href":"https:\/\/blitzconquista.com.br\/index.php?rest_route=%2Fwp%2Fv2%2Fcomments&post=26787"}],"version-history":[{"count":0,"href":"https:\/\/blitzconquista.com.br\/index.php?rest_route=\/wp\/v2\/posts\/26787\/revisions"}],"wp:featuredmedia":[{"embeddable":true,"href":"https:\/\/blitzconquista.com.br\/index.php?rest_route=\/"}],"wp:attachment":[{"href":"https:\/\/blitzconquista.com.br\/index.php?rest_route=%2Fwp%2Fv2%2Fmedia&parent=26787"}],"wp:term":[{"taxonomy":"category","embeddable":true,"href":"https:\/\/blitzconquista.com.br\/index.php?rest_route=%2Fwp%2Fv2%2Fcategories&post=26787"},{"taxonomy":"post_tag","embeddable":true,"href":"https:\/\/blitzconquista.com.br\/index.php?rest_route=%2Fwp%2Fv2%2Ftags&post=26787"}],"curies":[{"name":"wp","href":"https:\/\/api.w.org\/{rel}","templated":true}]}}