{"id":26795,"date":"2014-06-17T23:34:32","date_gmt":"2014-06-18T02:34:32","guid":{"rendered":"http:\/\/blitzconquista.com.br\/new\/?p=25049"},"modified":"2014-06-17T23:34:32","modified_gmt":"2014-06-18T02:34:32","slug":"comeca-nessa-quarta-feira-18-o-forro-pe-de-serra-do-periperi","status":"publish","type":"post","link":"https:\/\/blitzconquista.com.br\/?p=26795","title":{"rendered":"Come\u00e7a nessa quarta-feira, 18, o Forr\u00f3 P\u00e9 de Serra do Periperi"},"content":{"rendered":"<p>Come\u00e7a nesta quarta-feira(18) em Vit\u00f3ria da Conquista a 6\u00aa edi\u00e7\u00e3o do Forr\u00f3 P\u00e9 de Serra do Periperi. Em mais um ano consecutivo, o festejo junino segue a tradi\u00e7\u00e3o de valorizar a cultura popular e os artistas da regi\u00e3o. Este ano, o escolhido foi o cantor Dominguinhos, que faleceu em 2013. A homenagem seguiu alguns crit\u00e9rios e um deles foi o de que, em seus 50 anos de carreira, Dominguinhos sempre defendeu o forr\u00f3 tradicional e a m\u00fasica nordestina de qualidade \u2013 elementos que o Governo Municipal valoriza ao criar a programa\u00e7\u00e3o do evento. O evento que acontece entres os dias 18 e 24 de junho, traz uma novidade. A festividade ser\u00e1 realizada no Centro Glauber Rocha \u2013 Educa\u00e7\u00e3o e Cultura, um novo espa\u00e7o da cidade que tem como uma das fun\u00e7\u00f5es a de sediar os eventos promovidos pelo Governo Municipal. A localiza\u00e7\u00e3o do Centro Glauber Rocha foi um dos pontos que contribu\u00edram para a escolha do local. Situado \u00e0 margem da Avenida Brumado \u2013 antigo Departamento Nacional de Infraestrutura de Transportes (DNIT) \u2013 o novo endere\u00e7o do Forr\u00f3 P\u00e9 de Serra do Periperi facilita o acesso a partir dos dois lados da cidade, leste e oeste.<\/p>\n","protected":false},"excerpt":{"rendered":"<p>Come\u00e7a nesta quarta-feira(18) em Vit\u00f3ria da Conquista a 6\u00aa edi\u00e7\u00e3o do Forr\u00f3 P\u00e9 de Serra do Periperi. Em mais um ano consecutivo, o festejo junino segue a tradi\u00e7\u00e3o de valorizar a cultura popular e os artistas da regi\u00e3o. Este ano, o escolhido foi o cantor Dominguinhos, que faleceu em 2013. A homenagem seguiu alguns crit\u00e9rios [&hellip;]<\/p>\n","protected":false},"author":1,"featured_media":25050,"comment_status":"open","ping_status":"closed","sticky":false,"template":"","format":"standard","meta":[],"categories":[4],"tags":[],"_links":{"self":[{"href":"https:\/\/blitzconquista.com.br\/index.php?rest_route=\/wp\/v2\/posts\/26795"}],"collection":[{"href":"https:\/\/blitzconquista.com.br\/index.php?rest_route=\/wp\/v2\/posts"}],"about":[{"href":"https:\/\/blitzconquista.com.br\/index.php?rest_route=\/wp\/v2\/types\/post"}],"author":[{"embeddable":true,"href":"https:\/\/blitzconquista.com.br\/index.php?rest_route=\/wp\/v2\/users\/1"}],"replies":[{"embeddable":true,"href":"https:\/\/blitzconquista.com.br\/index.php?rest_route=%2Fwp%2Fv2%2Fcomments&post=26795"}],"version-history":[{"count":0,"href":"https:\/\/blitzconquista.com.br\/index.php?rest_route=\/wp\/v2\/posts\/26795\/revisions"}],"wp:featuredmedia":[{"embeddable":true,"href":"https:\/\/blitzconquista.com.br\/index.php?rest_route=\/"}],"wp:attachment":[{"href":"https:\/\/blitzconquista.com.br\/index.php?rest_route=%2Fwp%2Fv2%2Fmedia&parent=26795"}],"wp:term":[{"taxonomy":"category","embeddable":true,"href":"https:\/\/blitzconquista.com.br\/index.php?rest_route=%2Fwp%2Fv2%2Fcategories&post=26795"},{"taxonomy":"post_tag","embeddable":true,"href":"https:\/\/blitzconquista.com.br\/index.php?rest_route=%2Fwp%2Fv2%2Ftags&post=26795"}],"curies":[{"name":"wp","href":"https:\/\/api.w.org\/{rel}","templated":true}]}}