{"id":26801,"date":"2014-06-18T11:25:47","date_gmt":"2014-06-18T14:25:47","guid":{"rendered":"http:\/\/blitzconquista.com.br\/new\/?p=25070"},"modified":"2014-06-18T11:25:47","modified_gmt":"2014-06-18T14:25:47","slug":"forro-pe-de-serra-do-periperi-adelmario-coelho-abre-a-programacao","status":"publish","type":"post","link":"https:\/\/blitzconquista.com.br\/?p=26801","title":{"rendered":"Forr\u00f3 P\u00e9 de Serra do Periperi: Adelm\u00e1rio Coelho abre a programa\u00e7\u00e3o"},"content":{"rendered":"<p>Come\u00e7a nesta quarta-feira, 18, o Forr\u00f3 P\u00e9 de Serra do Periperi, promovido pela Prefeitura de Vit\u00f3ria da Conquista. O evento, que acontece no Centro Glauber Rocha \u2013 Educa\u00e7\u00e3o e Cultura, contar\u00e1 com shows de artistas convidados e tamb\u00e9m de m\u00fasicos da pr\u00f3pria terra.<\/p>\n<p>A anima\u00e7\u00e3o da primeira noite da celebra\u00e7\u00e3o junina fica por conta de Adelm\u00e1rio Coelho, conhecido como o \u201cForrozeiro do Brasil\u201d. Em seu show, o p\u00fablico poder\u00e1 conferir uma variedade de ritmos, como xote, xaxado e bai\u00e3o.<\/p>\n<p>Tamb\u00e9m se apresentam no palco principal, montado no Centro Cultural Glauber Rocha, Joel Pinheiro e Banda Fi\u00e1 Pav\u00ed. A abertura da noite ser\u00e1 com Luiza Saldanha, vencedora da quinta edi\u00e7\u00e3o do Festival de Forr\u00f3. Os shows come\u00e7am a partir das 19h30.<\/p>\n<p><strong>Mais forr\u00f3 <\/strong>&#8211;\u00a0Mas, antes da programa\u00e7\u00e3o no Glauber Rocha, quem quiser curtir um bom arrasta-p\u00e9, basta comparecer a Pra\u00e7a 9 de Novembro, a partir das 15h. Quem anima o p\u00fablico nesse hor\u00e1rio \u00e9 Narjara Paiva, depois \u00e9 a vez de Ronaldo G\u00f3es e de Zequinha do Acordeon.<\/p>\n<p>&nbsp;<\/p>\n","protected":false},"excerpt":{"rendered":"<p>Come\u00e7a nesta quarta-feira, 18, o Forr\u00f3 P\u00e9 de Serra do Periperi, promovido pela Prefeitura de Vit\u00f3ria da Conquista. O evento, que acontece no Centro Glauber Rocha \u2013 Educa\u00e7\u00e3o e Cultura, contar\u00e1 com shows de artistas convidados e tamb\u00e9m de m\u00fasicos da pr\u00f3pria terra. A anima\u00e7\u00e3o da primeira noite da celebra\u00e7\u00e3o junina fica por conta de [&hellip;]<\/p>\n","protected":false},"author":1,"featured_media":0,"comment_status":"open","ping_status":"closed","sticky":false,"template":"","format":"standard","meta":[],"categories":[4],"tags":[],"_links":{"self":[{"href":"https:\/\/blitzconquista.com.br\/index.php?rest_route=\/wp\/v2\/posts\/26801"}],"collection":[{"href":"https:\/\/blitzconquista.com.br\/index.php?rest_route=\/wp\/v2\/posts"}],"about":[{"href":"https:\/\/blitzconquista.com.br\/index.php?rest_route=\/wp\/v2\/types\/post"}],"author":[{"embeddable":true,"href":"https:\/\/blitzconquista.com.br\/index.php?rest_route=\/wp\/v2\/users\/1"}],"replies":[{"embeddable":true,"href":"https:\/\/blitzconquista.com.br\/index.php?rest_route=%2Fwp%2Fv2%2Fcomments&post=26801"}],"version-history":[{"count":0,"href":"https:\/\/blitzconquista.com.br\/index.php?rest_route=\/wp\/v2\/posts\/26801\/revisions"}],"wp:attachment":[{"href":"https:\/\/blitzconquista.com.br\/index.php?rest_route=%2Fwp%2Fv2%2Fmedia&parent=26801"}],"wp:term":[{"taxonomy":"category","embeddable":true,"href":"https:\/\/blitzconquista.com.br\/index.php?rest_route=%2Fwp%2Fv2%2Fcategories&post=26801"},{"taxonomy":"post_tag","embeddable":true,"href":"https:\/\/blitzconquista.com.br\/index.php?rest_route=%2Fwp%2Fv2%2Ftags&post=26801"}],"curies":[{"name":"wp","href":"https:\/\/api.w.org\/{rel}","templated":true}]}}