{"id":26817,"date":"2014-08-16T01:32:03","date_gmt":"2014-08-16T04:32:03","guid":{"rendered":"http:\/\/blitzconquista.com.br\/new\/?p=26817"},"modified":"2014-08-16T01:32:03","modified_gmt":"2014-08-16T04:32:03","slug":"por-briga-em-santa-catarina-sport-perde-dois-mandos","status":"publish","type":"post","link":"https:\/\/blitzconquista.com.br\/?p=26817","title":{"rendered":"Por briga em Santa Catarina, Sport perde dois mandos"},"content":{"rendered":"<p>O Superior Tribunal de Justi\u00e7a Desportiva (STJD) condenou o Sport nesta sexta-feira como \u00fanico respons\u00e1vel pela briga entre torcedores da pr\u00f3pria equipe no Orlando Scarpelli, em Florian\u00f3polis (SC), no \u00faltimo dia 3, durante confronto entre o time pernambucano e o Figueirense, pela 13\u00aa rodada do Campeonato Brasileiro.<\/p>\n<p>Com a condena\u00e7\u00e3o, o Sport foi punido com a perda de dois mandos de campo, al\u00e9m de multa de R$ 10 mil. Time da casa, o Figueirense tamb\u00e9m foi denunciado pela procuradoria do STJD, mas acabou absolvido pelo tribunal.<\/p>\n<p>Dos tr\u00eas auditores presentes no julgamento, dois votaram a favor e um contra a puni\u00e7\u00e3o. O Sport j\u00e1 confirmou que ir\u00e1 recorrer da decis\u00e3o para tentar reduzir a pena. Durante a derrota de 3 a 0 para o Figueirense, membros da organizada do time pernambucano se desentenderam e protagonizaram cenas de agress\u00e3o nas arquibancadas do est\u00e1dio catarinense. Para o jur\u00eddico, o clube n\u00e3o poderia tomar a\u00e7\u00f5es para impedir que o caso acontecesse.<\/p>\n<p>O jogo deste domingo, \u00e0s 18h30 (de Bras\u00edlia), entre Sport e Atl\u00e9tico Paranaense, a ser realizado na Ilha do Retiro, pela 15\u00aa rodada do Brasileir\u00e3o, permanece sem altera\u00e7\u00f5es. A puni\u00e7\u00e3o, caso n\u00e3o seja cassada, acontecer\u00e1 somente na pr\u00f3xima ter\u00e7a-feira, com isso o clube dever\u00e1 perder os mandos nos jogos contra Crici\u00fama, no dia 31 e Santos, no dia 10.<\/p>\n<p><a href=\"http:\/\/blitzconquista.com.br\/new\/wp-content\/uploads\/2014\/06\/espn.jpg\"><img decoding=\"async\" loading=\"lazy\" class=\"alignnone  wp-image-24642\" src=\"http:\/\/blitzconquista.com.br\/new\/wp-content\/uploads\/2014\/06\/espn.jpg\" alt=\"espn\" width=\"101\" height=\"34\" \/><\/a><\/p>\n","protected":false},"excerpt":{"rendered":"<p>O Superior Tribunal de Justi\u00e7a Desportiva (STJD) condenou o Sport nesta sexta-feira como \u00fanico respons\u00e1vel pela briga entre torcedores da pr\u00f3pria equipe no Orlando Scarpelli, em Florian\u00f3polis (SC), no \u00faltimo dia 3, durante confronto entre o time pernambucano e o Figueirense, pela 13\u00aa rodada do Campeonato Brasileiro. Com a condena\u00e7\u00e3o, o Sport foi punido com [&hellip;]<\/p>\n","protected":false},"author":1,"featured_media":26818,"comment_status":"open","ping_status":"closed","sticky":false,"template":"","format":"standard","meta":[],"categories":[1],"tags":[],"_links":{"self":[{"href":"https:\/\/blitzconquista.com.br\/index.php?rest_route=\/wp\/v2\/posts\/26817"}],"collection":[{"href":"https:\/\/blitzconquista.com.br\/index.php?rest_route=\/wp\/v2\/posts"}],"about":[{"href":"https:\/\/blitzconquista.com.br\/index.php?rest_route=\/wp\/v2\/types\/post"}],"author":[{"embeddable":true,"href":"https:\/\/blitzconquista.com.br\/index.php?rest_route=\/wp\/v2\/users\/1"}],"replies":[{"embeddable":true,"href":"https:\/\/blitzconquista.com.br\/index.php?rest_route=%2Fwp%2Fv2%2Fcomments&post=26817"}],"version-history":[{"count":0,"href":"https:\/\/blitzconquista.com.br\/index.php?rest_route=\/wp\/v2\/posts\/26817\/revisions"}],"wp:featuredmedia":[{"embeddable":true,"href":"https:\/\/blitzconquista.com.br\/index.php?rest_route=\/"}],"wp:attachment":[{"href":"https:\/\/blitzconquista.com.br\/index.php?rest_route=%2Fwp%2Fv2%2Fmedia&parent=26817"}],"wp:term":[{"taxonomy":"category","embeddable":true,"href":"https:\/\/blitzconquista.com.br\/index.php?rest_route=%2Fwp%2Fv2%2Fcategories&post=26817"},{"taxonomy":"post_tag","embeddable":true,"href":"https:\/\/blitzconquista.com.br\/index.php?rest_route=%2Fwp%2Fv2%2Ftags&post=26817"}],"curies":[{"name":"wp","href":"https:\/\/api.w.org\/{rel}","templated":true}]}}