{"id":26833,"date":"2014-08-16T11:55:24","date_gmt":"2014-08-16T14:55:24","guid":{"rendered":"http:\/\/blitzconquista.com.br\/new\/?p=26833"},"modified":"2014-08-16T11:55:24","modified_gmt":"2014-08-16T14:55:24","slug":"mercado-popular-de-vitoria-da-conquista-esta-com-obras-em-fase-de-acabamento","status":"publish","type":"post","link":"https:\/\/blitzconquista.com.br\/?p=26833","title":{"rendered":"Mercado Popular de Vit\u00f3ria da Conquista est\u00e1 com obras em fase de acabamento"},"content":{"rendered":"<p>Em fase de acabamento, o Mercado Popular de Vit\u00f3ria da Conquista, no sudoeste baiano, est\u00e1 com 90% das obras conclu\u00eddas. No momento, resta apenas parte dos servi\u00e7os de urbaniza\u00e7\u00e3o da \u00e1rea externa do espa\u00e7o comercial, no centro da cidade, que vai ser usado por vendedores de artigos populares.<br \/>\nNesta quinta-feira (14), o presidente da Companhia de Desenvolvimento Urbano do Estado da Bahia (Conder), Ubiratan Cardoso, e o diretor de Equipamentos e Qualifica\u00e7\u00e3o Urban\u00edstica, Airton Maia, vistoriaram as obras. O empreendimento, or\u00e7ado em R$ 5,5 milh\u00f5es, \u00e9 resultado da parceria entre o Governo do Estado, por meio da secretaria de Desenvolvimento Urbano (Sedur), e a prefeitura municipal.<br \/>\n\u201cCom a finaliza\u00e7\u00e3o das \u00e1reas externas, devemos entregar o mercado at\u00e9 a segunda quinzena de setembro\u201d, prev\u00ea Cardoso. O mercado, que ocupa \u00e1rea de 2.031 metros quadrados, tem 302 boxes comerciais, al\u00e9m de \u00e1reas de circula\u00e7\u00e3o e servi\u00e7o, sanit\u00e1rios, escadas e rampas de acesso. O projeto inclui ainda urbaniza\u00e7\u00e3o da \u00e1rea externa e pavimenta\u00e7\u00e3o das ruas localizadas no entorno.<br \/>\n<a href=\"http:\/\/blitzconquista.com.br\/new\/wp-content\/uploads\/2014\/08\/1408049000fAmanda_Oliveira_7.jpg\"><img decoding=\"async\" loading=\"lazy\" class=\"wp-image-26835 alignright\" src=\"http:\/\/blitzconquista.com.br\/new\/wp-content\/uploads\/2014\/08\/1408049000fAmanda_Oliveira_7.jpg\" alt=\"1408049000fAmanda_Oliveira_7\" width=\"266\" height=\"177\" \/><\/a>O novo espa\u00e7o atende a uma antiga reivindica\u00e7\u00e3o de comerciantes populares da cidade, que h\u00e1 aproximadamente 25 anos ocupavam a \u00e1rea onde foi constru\u00eddo o Mercado Popular, no qual funcionava a chamada \u2018Feira do Paraguai\u2019. Al\u00e9m do com\u00e9rcio de eletro-eletr\u00f4nicos, o equipamento receber\u00e1 vendedores de roupas e acess\u00f3rios da Pra\u00e7a da Bandeira, tamb\u00e9m no centro da cidade.<br \/>\nFotos: Amanda Oliveira\/GOVBA<\/p>\n","protected":false},"excerpt":{"rendered":"<p>Em fase de acabamento, o Mercado Popular de Vit\u00f3ria da Conquista, no sudoeste baiano, est\u00e1 com 90% das obras conclu\u00eddas. No momento, resta apenas parte dos servi\u00e7os de urbaniza\u00e7\u00e3o da \u00e1rea externa do espa\u00e7o comercial, no centro da cidade, que vai ser usado por vendedores de artigos populares. Nesta quinta-feira (14), o presidente da Companhia [&hellip;]<\/p>\n","protected":false},"author":1,"featured_media":26834,"comment_status":"open","ping_status":"closed","sticky":false,"template":"","format":"standard","meta":[],"categories":[4],"tags":[],"_links":{"self":[{"href":"https:\/\/blitzconquista.com.br\/index.php?rest_route=\/wp\/v2\/posts\/26833"}],"collection":[{"href":"https:\/\/blitzconquista.com.br\/index.php?rest_route=\/wp\/v2\/posts"}],"about":[{"href":"https:\/\/blitzconquista.com.br\/index.php?rest_route=\/wp\/v2\/types\/post"}],"author":[{"embeddable":true,"href":"https:\/\/blitzconquista.com.br\/index.php?rest_route=\/wp\/v2\/users\/1"}],"replies":[{"embeddable":true,"href":"https:\/\/blitzconquista.com.br\/index.php?rest_route=%2Fwp%2Fv2%2Fcomments&post=26833"}],"version-history":[{"count":0,"href":"https:\/\/blitzconquista.com.br\/index.php?rest_route=\/wp\/v2\/posts\/26833\/revisions"}],"wp:featuredmedia":[{"embeddable":true,"href":"https:\/\/blitzconquista.com.br\/index.php?rest_route=\/"}],"wp:attachment":[{"href":"https:\/\/blitzconquista.com.br\/index.php?rest_route=%2Fwp%2Fv2%2Fmedia&parent=26833"}],"wp:term":[{"taxonomy":"category","embeddable":true,"href":"https:\/\/blitzconquista.com.br\/index.php?rest_route=%2Fwp%2Fv2%2Fcategories&post=26833"},{"taxonomy":"post_tag","embeddable":true,"href":"https:\/\/blitzconquista.com.br\/index.php?rest_route=%2Fwp%2Fv2%2Ftags&post=26833"}],"curies":[{"name":"wp","href":"https:\/\/api.w.org\/{rel}","templated":true}]}}