{"id":26955,"date":"2014-08-17T23:02:12","date_gmt":"2014-08-18T02:02:12","guid":{"rendered":"http:\/\/blitzconquista.com.br\/new\/?p=26955"},"modified":"2014-08-17T23:02:12","modified_gmt":"2014-08-18T02:02:12","slug":"corpo-de-eduardo-campos-e-sepultado-no-recife","status":"publish","type":"post","link":"https:\/\/blitzconquista.com.br\/?p=26955","title":{"rendered":"Corpo de Eduardo Campos \u00e9 sepultado no Recife"},"content":{"rendered":"<p>O corpo do ex-governador de Pernambuco Eduardo Campos foi sepultado no come\u00e7o da noite deste domingo (17) no Recife, ap\u00f3s um vel\u00f3rio que durou mais de 15 horas e foi seguido por uma multid\u00e3o.<\/p>\n<p>Ap\u00f3s ser tocada a marcha f\u00fanebre, a vi\u00fava Renata Campos e os filhos tocaram e beijaram o caix\u00e3o, que foi colocado no t\u00famulo sob aplausos e gritos de &#8220;Eduardo, guerreiro do povo brasileiro&#8221;.<\/p>\n<p>Uma queima de fogos de artif\u00edcio em homenagem ao ex-governador durou mais de 20 minutos. Campos foi enterrado ao lado do t\u00famulo do av\u00f3 e tamb\u00e9m ex-governador do Estado, Miguel Arraes.<\/p>\n<p>O governo do Estado n\u00e3o estimou o n\u00famero de pessoas que acompanharam as homenagens a Eduardo Campos, mas policiais consultados pela reportagem falaram em 160 mil pessoas que participaram do vel\u00f3rio e cortejo ao longo do dia. *Uol<\/p>\n","protected":false},"excerpt":{"rendered":"<p>O corpo do ex-governador de Pernambuco Eduardo Campos foi sepultado no come\u00e7o da noite deste domingo (17) no Recife, ap\u00f3s um vel\u00f3rio que durou mais de 15 horas e foi seguido por uma multid\u00e3o. Ap\u00f3s ser tocada a marcha f\u00fanebre, a vi\u00fava Renata Campos e os filhos tocaram e beijaram o caix\u00e3o, que foi colocado [&hellip;]<\/p>\n","protected":false},"author":1,"featured_media":26956,"comment_status":"open","ping_status":"closed","sticky":false,"template":"","format":"standard","meta":[],"categories":[5],"tags":[],"_links":{"self":[{"href":"https:\/\/blitzconquista.com.br\/index.php?rest_route=\/wp\/v2\/posts\/26955"}],"collection":[{"href":"https:\/\/blitzconquista.com.br\/index.php?rest_route=\/wp\/v2\/posts"}],"about":[{"href":"https:\/\/blitzconquista.com.br\/index.php?rest_route=\/wp\/v2\/types\/post"}],"author":[{"embeddable":true,"href":"https:\/\/blitzconquista.com.br\/index.php?rest_route=\/wp\/v2\/users\/1"}],"replies":[{"embeddable":true,"href":"https:\/\/blitzconquista.com.br\/index.php?rest_route=%2Fwp%2Fv2%2Fcomments&post=26955"}],"version-history":[{"count":0,"href":"https:\/\/blitzconquista.com.br\/index.php?rest_route=\/wp\/v2\/posts\/26955\/revisions"}],"wp:featuredmedia":[{"embeddable":true,"href":"https:\/\/blitzconquista.com.br\/index.php?rest_route=\/"}],"wp:attachment":[{"href":"https:\/\/blitzconquista.com.br\/index.php?rest_route=%2Fwp%2Fv2%2Fmedia&parent=26955"}],"wp:term":[{"taxonomy":"category","embeddable":true,"href":"https:\/\/blitzconquista.com.br\/index.php?rest_route=%2Fwp%2Fv2%2Fcategories&post=26955"},{"taxonomy":"post_tag","embeddable":true,"href":"https:\/\/blitzconquista.com.br\/index.php?rest_route=%2Fwp%2Fv2%2Ftags&post=26955"}],"curies":[{"name":"wp","href":"https:\/\/api.w.org\/{rel}","templated":true}]}}