{"id":26974,"date":"2014-08-18T16:10:06","date_gmt":"2014-08-18T19:10:06","guid":{"rendered":"http:\/\/blitzconquista.com.br\/new\/?p=26974"},"modified":"2014-08-18T16:10:06","modified_gmt":"2014-08-18T19:10:06","slug":"a-importancia-da-mobilizacao-social","status":"publish","type":"post","link":"https:\/\/blitzconquista.com.br\/?p=26974","title":{"rendered":"A import\u00e2ncia da mobiliza\u00e7\u00e3o social"},"content":{"rendered":"<p><em><strong>Por Jos\u00e9 Maria Caires<\/strong><\/em><\/p>\n<p>O Conselho de Seguran\u00e7a de Vit\u00f3ria da Conquista\/CONSEG, que nasceu, cresceu e vive sob a batuta de melhorar a seguran\u00e7a da cidade, vem, no decorrer dos anos, provando qu\u00e3o importante \u00e9 sensibilizar a sociedade para ajudar os governos na resolu\u00e7\u00e3o dos problemas que afligem a popula\u00e7\u00e3o, apontando as car\u00eancias que mais afligem o povo. A constru\u00e7\u00e3o da Casa de Acolhimento do Menor \u00e9, dentre tantas outras, a principal bandeira do conselho. Atrav\u00e9s de v\u00e1rias a\u00e7\u00f5es j\u00e1 foi poss\u00edvel aquisi\u00e7\u00e3o da \u00e1rea de 15.000 m2 para constru\u00e7\u00e3o do Centro de Recupera\u00e7\u00e3o de Menores, j\u00e1 conseguiu com a FUNCEB a elabora\u00e7\u00e3o do Projeto Executivo e atrav\u00e9s de a\u00e7\u00f5es com a Secretaria de Direitos Humanos para dota\u00e7\u00e3o or\u00e7ament\u00e1ria de R$ 10 milh\u00f5es para constru\u00e7\u00e3o da obra. Falta agora a licita\u00e7\u00e3o e contrata\u00e7\u00e3o por parte do Governo para iniciar as obras.<\/p>\n<p>Analisando o relato acima, percebe-se que a participa\u00e7\u00e3o desse CONSELHO DE SEGURAN\u00c7A tem credibilidade e compet\u00eancia suficientes para colaborar na melhoria da qualidade de vida das pessoas, com a\u00e7\u00f5es transformadoras, a chancela do CONSELHO \u00e9 forte e tem seriedade nas a\u00e7\u00f5es que patrocina.<\/p>\n<p>A \u00faltima investida foi um almo\u00e7o, com objetivo de angariar recursos para melhoria dos servi\u00e7os na cidade, quando conseguiu arrecadar recursos suficientes para adquirir uma viatura zero quil\u00f4metro, que foi doado para Pol\u00edcia Militar, objetivando melhoria dos bairros perif\u00e9ricos acometidos com altos \u00edndices de viol\u00eancia.<\/p>\n<p>O Conselho, insatisfeito e com desejo de ajudar mais, fez um pleito \u00e0s construtoras da cidade e conseguiu mais duas viaturas para refor\u00e7ar a seguran\u00e7a da Zona Oeste da cidade, lembrando que a Associa\u00e7\u00e3o das Ind\u00fastrias de Vit\u00f3ria da Conquista, sensibilizada com o esfor\u00e7o do Conselho, j\u00e1 havia anteriormente doado tamb\u00e9m um carro para PM de Vit\u00f3ria da Conquista.<\/p>\n<p>Portanto, al\u00e9m de in\u00fameras a\u00e7\u00f5es importantes no aperfei\u00e7oamento da seguran\u00e7a local, j\u00e1 s\u00e3o quatro viaturas cedidas \u00e0 Pol\u00edcia Militar e no mais breve poss\u00edvel prazo haveremos de ver constru\u00edda a Casa de Acolhimento de Menor, lamentamos que neste Governo n\u00e3o foi poss\u00edvel avan\u00e7ar mais, todavia, no pr\u00f3ximo que se inicia em 2015 o CONSEG bater\u00e1 nas portas para prosseguir e concluir esse importante equipamento de seguran\u00e7a em Conquista.<\/p>\n<p>Parab\u00e9ns ao CONSEG e aos cidad\u00e3os que apoiam essa id\u00e9ia.<\/p>\n","protected":false},"excerpt":{"rendered":"<p>Por Jos\u00e9 Maria Caires O Conselho de Seguran\u00e7a de Vit\u00f3ria da Conquista\/CONSEG, que nasceu, cresceu e vive sob a batuta de melhorar a seguran\u00e7a da cidade, vem, no decorrer dos anos, provando qu\u00e3o importante \u00e9 sensibilizar a sociedade para ajudar os governos na resolu\u00e7\u00e3o dos problemas que afligem a popula\u00e7\u00e3o, apontando as car\u00eancias que mais [&hellip;]<\/p>\n","protected":false},"author":1,"featured_media":26975,"comment_status":"open","ping_status":"closed","sticky":false,"template":"","format":"standard","meta":[],"categories":[29],"tags":[],"_links":{"self":[{"href":"https:\/\/blitzconquista.com.br\/index.php?rest_route=\/wp\/v2\/posts\/26974"}],"collection":[{"href":"https:\/\/blitzconquista.com.br\/index.php?rest_route=\/wp\/v2\/posts"}],"about":[{"href":"https:\/\/blitzconquista.com.br\/index.php?rest_route=\/wp\/v2\/types\/post"}],"author":[{"embeddable":true,"href":"https:\/\/blitzconquista.com.br\/index.php?rest_route=\/wp\/v2\/users\/1"}],"replies":[{"embeddable":true,"href":"https:\/\/blitzconquista.com.br\/index.php?rest_route=%2Fwp%2Fv2%2Fcomments&post=26974"}],"version-history":[{"count":0,"href":"https:\/\/blitzconquista.com.br\/index.php?rest_route=\/wp\/v2\/posts\/26974\/revisions"}],"wp:featuredmedia":[{"embeddable":true,"href":"https:\/\/blitzconquista.com.br\/index.php?rest_route=\/"}],"wp:attachment":[{"href":"https:\/\/blitzconquista.com.br\/index.php?rest_route=%2Fwp%2Fv2%2Fmedia&parent=26974"}],"wp:term":[{"taxonomy":"category","embeddable":true,"href":"https:\/\/blitzconquista.com.br\/index.php?rest_route=%2Fwp%2Fv2%2Fcategories&post=26974"},{"taxonomy":"post_tag","embeddable":true,"href":"https:\/\/blitzconquista.com.br\/index.php?rest_route=%2Fwp%2Fv2%2Ftags&post=26974"}],"curies":[{"name":"wp","href":"https:\/\/api.w.org\/{rel}","templated":true}]}}