{"id":27014,"date":"2014-08-19T10:43:31","date_gmt":"2014-08-19T13:43:31","guid":{"rendered":"http:\/\/blitzconquista.com.br\/new\/?p=27014"},"modified":"2014-08-19T10:43:31","modified_gmt":"2014-08-19T13:43:31","slug":"sindicato-dos-bancarios-lanca-campanha-salarial-na-proxima-quarta-feira-20","status":"publish","type":"post","link":"https:\/\/blitzconquista.com.br\/?p=27014","title":{"rendered":"Sindicato dos Banc\u00e1rios lan\u00e7a Campanha Salarial na pr\u00f3xima quarta-feira, 20"},"content":{"rendered":"<p>Na pr\u00f3xima quarta-feira, 20, o Sindicato dos Banc\u00e1rios de Vit\u00f3ria da Conquista e Regi\u00e3o inicia a Campanha dos Banc\u00e1rios 2014. Este ano a categoria banc\u00e1ria reivindica o reajuste salarial de 12,5%, al\u00e9m do fim das metas abusivas, combate ao ass\u00e9dio moral e ao adoecimento no trabalho, preserva\u00e7\u00e3o do emprego e seguran\u00e7a nas ag\u00eancias.<\/p>\n<p>Para o lan\u00e7amento da Campanha Salarial, o Sindicato estar\u00e1 presente nos bancos de Vit\u00f3ria da Conquista expondo as pautas para os clientes que, assim como os banc\u00e1rios, sofrem diariamente com o descaso dos bancos.<\/p>\n<p>O presidente do SEEB\/VCR, Paulo Barrocas, afirma que este \u00e9 um momento importante para conseguir avan\u00e7os para a categoria. \u201cEstaremos nas ruas pressionando os patr\u00f5es por melhores sal\u00e1rios e condi\u00e7\u00f5es de trabalho. Contudo, a luta dos banc\u00e1rios n\u00e3o deve servir apenas para conseguir uma reposi\u00e7\u00e3o salarial. Reivindicamos tamb\u00e9m a abertura de novos postos de trabalho, a redu\u00e7\u00e3o das tarifas e dos juros e melhorias na infraestrutura das ag\u00eancias, para que os usu\u00e1rios do sistema financeiro possam ser atendidos com dignidade\u201d, afirma. <em>*Sindicato dos Banc\u00e1rios<\/em><\/p>\n","protected":false},"excerpt":{"rendered":"<p>Na pr\u00f3xima quarta-feira, 20, o Sindicato dos Banc\u00e1rios de Vit\u00f3ria da Conquista e Regi\u00e3o inicia a Campanha dos Banc\u00e1rios 2014. Este ano a categoria banc\u00e1ria reivindica o reajuste salarial de 12,5%, al\u00e9m do fim das metas abusivas, combate ao ass\u00e9dio moral e ao adoecimento no trabalho, preserva\u00e7\u00e3o do emprego e seguran\u00e7a nas ag\u00eancias. Para o [&hellip;]<\/p>\n","protected":false},"author":1,"featured_media":27015,"comment_status":"open","ping_status":"closed","sticky":false,"template":"","format":"standard","meta":[],"categories":[4],"tags":[],"_links":{"self":[{"href":"https:\/\/blitzconquista.com.br\/index.php?rest_route=\/wp\/v2\/posts\/27014"}],"collection":[{"href":"https:\/\/blitzconquista.com.br\/index.php?rest_route=\/wp\/v2\/posts"}],"about":[{"href":"https:\/\/blitzconquista.com.br\/index.php?rest_route=\/wp\/v2\/types\/post"}],"author":[{"embeddable":true,"href":"https:\/\/blitzconquista.com.br\/index.php?rest_route=\/wp\/v2\/users\/1"}],"replies":[{"embeddable":true,"href":"https:\/\/blitzconquista.com.br\/index.php?rest_route=%2Fwp%2Fv2%2Fcomments&post=27014"}],"version-history":[{"count":0,"href":"https:\/\/blitzconquista.com.br\/index.php?rest_route=\/wp\/v2\/posts\/27014\/revisions"}],"wp:featuredmedia":[{"embeddable":true,"href":"https:\/\/blitzconquista.com.br\/index.php?rest_route=\/"}],"wp:attachment":[{"href":"https:\/\/blitzconquista.com.br\/index.php?rest_route=%2Fwp%2Fv2%2Fmedia&parent=27014"}],"wp:term":[{"taxonomy":"category","embeddable":true,"href":"https:\/\/blitzconquista.com.br\/index.php?rest_route=%2Fwp%2Fv2%2Fcategories&post=27014"},{"taxonomy":"post_tag","embeddable":true,"href":"https:\/\/blitzconquista.com.br\/index.php?rest_route=%2Fwp%2Fv2%2Ftags&post=27014"}],"curies":[{"name":"wp","href":"https:\/\/api.w.org\/{rel}","templated":true}]}}