{"id":28081,"date":"2014-08-15T23:58:06","date_gmt":"2014-08-16T02:58:06","guid":{"rendered":"http:\/\/blitzconquista.com.br\/new\/?p=26785"},"modified":"2014-08-15T23:58:06","modified_gmt":"2014-08-16T02:58:06","slug":"stf-nega-pedido-de-cotas-raciais-para-legislativo-e-judiciario","status":"publish","type":"post","link":"https:\/\/blitzconquista.com.br\/?p=28081","title":{"rendered":"STF nega pedido de cotas raciais para Legislativo e Judici\u00e1rio"},"content":{"rendered":"<p>A vice-presidente do Supremo Tribunal Federal (STF), ministra C\u00e1rmen L\u00facia, negou seguimento a um mandado de seguran\u00e7a em que o Instituto de Advocacia Racial e Ambiental (Iara) pedia reserva de 20% das vagas em concursos p\u00fablicos do Legislativo e Judici\u00e1rio para negros e pardos. Na decis\u00e3o, a ministra ressalta que n\u00e3o foi utilizado o instrumento processual adequado e que a Constitui\u00e7\u00e3o define a\u00e7\u00e3o espec\u00edfica para este tipo de pedido. O Iara, contudo, n\u00e3o estaria legitimado para propor as a\u00e7\u00f5es por ser manifesta a inexist\u00eancia de direito subjetivo pr\u00f3prio das pessoas f\u00edsicas e dos substitu\u00eddos pela associa\u00e7\u00e3o\u201d. Com a negativa de seguimento ao mandado de seguran\u00e7a, a ministra julgou prejudicada a liminar pedida pelo instituto, quanto \u00e0 inclus\u00e3o da cota para negros no pr\u00f3ximo concurso para auditor e t\u00e9cnico federal de controle interno a ser realizado pelo Tribunal de Contas da Uni\u00e3o (TCU). *Informa\u00e7\u00f5es do \u00daltima Inst\u00e2ncia.<\/p>\n","protected":false},"excerpt":{"rendered":"<p>A vice-presidente do Supremo Tribunal Federal (STF), ministra C\u00e1rmen L\u00facia, negou seguimento a um mandado de seguran\u00e7a em que o Instituto de Advocacia Racial e Ambiental (Iara) pedia reserva de 20% das vagas em concursos p\u00fablicos do Legislativo e Judici\u00e1rio para negros e pardos. Na decis\u00e3o, a ministra ressalta que n\u00e3o foi utilizado o instrumento [&hellip;]<\/p>\n","protected":false},"author":1,"featured_media":26786,"comment_status":"open","ping_status":"closed","sticky":false,"template":"","format":"standard","meta":[],"categories":[4],"tags":[],"_links":{"self":[{"href":"https:\/\/blitzconquista.com.br\/index.php?rest_route=\/wp\/v2\/posts\/28081"}],"collection":[{"href":"https:\/\/blitzconquista.com.br\/index.php?rest_route=\/wp\/v2\/posts"}],"about":[{"href":"https:\/\/blitzconquista.com.br\/index.php?rest_route=\/wp\/v2\/types\/post"}],"author":[{"embeddable":true,"href":"https:\/\/blitzconquista.com.br\/index.php?rest_route=\/wp\/v2\/users\/1"}],"replies":[{"embeddable":true,"href":"https:\/\/blitzconquista.com.br\/index.php?rest_route=%2Fwp%2Fv2%2Fcomments&post=28081"}],"version-history":[{"count":0,"href":"https:\/\/blitzconquista.com.br\/index.php?rest_route=\/wp\/v2\/posts\/28081\/revisions"}],"wp:featuredmedia":[{"embeddable":true,"href":"https:\/\/blitzconquista.com.br\/index.php?rest_route=\/wp\/v2\/posts\/26786"}],"wp:attachment":[{"href":"https:\/\/blitzconquista.com.br\/index.php?rest_route=%2Fwp%2Fv2%2Fmedia&parent=28081"}],"wp:term":[{"taxonomy":"category","embeddable":true,"href":"https:\/\/blitzconquista.com.br\/index.php?rest_route=%2Fwp%2Fv2%2Fcategories&post=28081"},{"taxonomy":"post_tag","embeddable":true,"href":"https:\/\/blitzconquista.com.br\/index.php?rest_route=%2Fwp%2Fv2%2Ftags&post=28081"}],"curies":[{"name":"wp","href":"https:\/\/api.w.org\/{rel}","templated":true}]}}