{"id":28084,"date":"2014-08-16T00:10:47","date_gmt":"2014-08-16T03:10:47","guid":{"rendered":"http:\/\/blitzconquista.com.br\/new\/?p=26795"},"modified":"2014-08-16T00:10:47","modified_gmt":"2014-08-16T03:10:47","slug":"tse-nega-pedido-para-adiar-inicio-de-horario-eleitoral","status":"publish","type":"post","link":"https:\/\/blitzconquista.com.br\/?p=28084","title":{"rendered":"TSE nega pedido para adiar in\u00edcio de hor\u00e1rio eleitoral"},"content":{"rendered":"<p>O presidente do Tribunal Superior Eleitoral (TSE), Jos\u00e9 Antonio Dias Toffoli, rejeitou na noite da \u00faltima quinta-feira (14) um pedido do PV e do candidato do partido ao Pal\u00e1cio do Planalto, Eduardo Jorge, para que fosse adiado por tr\u00eas dias o in\u00edcio do hor\u00e1rio eleitoral gratuito no r\u00e1dio e na televis\u00e3o. Os programas come\u00e7ar\u00e3o a ser transmitidos no dia 19. O PV e Jorge protocolaram o pedido ap\u00f3s o acidente a\u00e9reo que matou o presidenci\u00e1vel do PSB, Eduardo Campos. Conforme o requerimento, o objetivo seria garantir \u00e0 coliga\u00e7\u00e3o que apoiava Eduardo Campos mais tempo e tranquilidade para organizar e adaptar os programas. Em sua decis\u00e3o, Toffoli disse que &#8220;n\u00e3o h\u00e1 como postergar o in\u00edcio da propaganda gratuita, pois a mat\u00e9ria \u00e9 estabelecida em legisla\u00e7\u00e3o eleitoral e n\u00e3o por ato de vontade da Justi\u00e7a Eleitoral&#8221;. Um pouco antes, o presidente do TSE havia explicado que se todos partidos que disputam a elei\u00e7\u00e3o presidencial fizessem esse tipo de pedido ele submeteria a an\u00e1lise do plen\u00e1rio do TSE, que \u00e9 integrado por ele e outros seis ministros. *Com informa\u00e7\u00f5es do Bahia Not\u00edcias.<\/p>\n","protected":false},"excerpt":{"rendered":"<p>O presidente do Tribunal Superior Eleitoral (TSE), Jos\u00e9 Antonio Dias Toffoli, rejeitou na noite da \u00faltima quinta-feira (14) um pedido do PV e do candidato do partido ao Pal\u00e1cio do Planalto, Eduardo Jorge, para que fosse adiado por tr\u00eas dias o in\u00edcio do hor\u00e1rio eleitoral gratuito no r\u00e1dio e na televis\u00e3o. Os programas come\u00e7ar\u00e3o a [&hellip;]<\/p>\n","protected":false},"author":1,"featured_media":26796,"comment_status":"open","ping_status":"closed","sticky":false,"template":"","format":"standard","meta":[],"categories":[5],"tags":[],"_links":{"self":[{"href":"https:\/\/blitzconquista.com.br\/index.php?rest_route=\/wp\/v2\/posts\/28084"}],"collection":[{"href":"https:\/\/blitzconquista.com.br\/index.php?rest_route=\/wp\/v2\/posts"}],"about":[{"href":"https:\/\/blitzconquista.com.br\/index.php?rest_route=\/wp\/v2\/types\/post"}],"author":[{"embeddable":true,"href":"https:\/\/blitzconquista.com.br\/index.php?rest_route=\/wp\/v2\/users\/1"}],"replies":[{"embeddable":true,"href":"https:\/\/blitzconquista.com.br\/index.php?rest_route=%2Fwp%2Fv2%2Fcomments&post=28084"}],"version-history":[{"count":0,"href":"https:\/\/blitzconquista.com.br\/index.php?rest_route=\/wp\/v2\/posts\/28084\/revisions"}],"wp:featuredmedia":[{"embeddable":true,"href":"https:\/\/blitzconquista.com.br\/index.php?rest_route=\/wp\/v2\/posts\/26796"}],"wp:attachment":[{"href":"https:\/\/blitzconquista.com.br\/index.php?rest_route=%2Fwp%2Fv2%2Fmedia&parent=28084"}],"wp:term":[{"taxonomy":"category","embeddable":true,"href":"https:\/\/blitzconquista.com.br\/index.php?rest_route=%2Fwp%2Fv2%2Fcategories&post=28084"},{"taxonomy":"post_tag","embeddable":true,"href":"https:\/\/blitzconquista.com.br\/index.php?rest_route=%2Fwp%2Fv2%2Ftags&post=28084"}],"curies":[{"name":"wp","href":"https:\/\/api.w.org\/{rel}","templated":true}]}}