{"id":28994,"date":"2014-10-08T14:41:18","date_gmt":"2014-10-08T17:41:18","guid":{"rendered":"http:\/\/blitzconquista.com.br\/new\/?p=28994"},"modified":"2014-10-08T14:41:18","modified_gmt":"2014-10-08T17:41:18","slug":"dois-estupradores-atuavam-no-bairro-sao-vicente","status":"publish","type":"post","link":"https:\/\/blitzconquista.com.br\/?p=28994","title":{"rendered":"Dois estupradores atuavam no bairro S\u00e3o Vicente"},"content":{"rendered":"<p>Ap\u00f3s a pris\u00e3o de um segundo acusado de estupros no bairro S\u00e3o Vicente, muitos questionaram qual seria o estuprador que agia no bairro; Idal\u00edcio Orrico Duarte ou o feirante Ariosvaldo. De acordo com a Pol\u00edcia, ambos s\u00e3o apontados como autores de estupros na localidade. Por\u00e9m, contra Idal\u00edcio, preso em 26 de agosto, s\u00f3 existiria um caso de estupro confirmado no bairro.<br \/>\nJ\u00e1 sobre Ariosvaldo, preso no dia 05 de outubro, recai a acusa\u00e7\u00e3o de cinco estupros e tentativas. Todas as a\u00e7\u00f5es criminosas teriam ocorrido nas proximidades do Ceasa, feira onde ele tem duas barracas de frutas. O feirante foi reconhecido por cinco v\u00edtimas e a pol\u00edcia investiga a participa\u00e7\u00e3o dele em outros crimes.<br \/>\nAriosvaldo negou a a\u00e7\u00e3o criminosa, mas a pol\u00edcia encontrou em sua posse um rev\u00f3lver, muni\u00e7\u00f5es, as roupas que ele teria utilizado no dia dos crimes e registradas pelas c\u00e2meras de seguran\u00e7a, al\u00e9m dos t\u00eanis descritos pelas v\u00edtimas.<br \/>\nCom os microfones desligados ele n\u00e3o confessou os estupros, mas demonstrou rancor da sua ex-companheira e falou que ela teria o tra\u00eddo com outra mulher.<\/p>\n","protected":false},"excerpt":{"rendered":"<p>Ap\u00f3s a pris\u00e3o de um segundo acusado de estupros no bairro S\u00e3o Vicente, muitos questionaram qual seria o estuprador que agia no bairro; Idal\u00edcio Orrico Duarte ou o feirante Ariosvaldo. De acordo com a Pol\u00edcia, ambos s\u00e3o apontados como autores de estupros na localidade. Por\u00e9m, contra Idal\u00edcio, preso em 26 de agosto, s\u00f3 existiria um [&hellip;]<\/p>\n","protected":false},"author":1,"featured_media":28995,"comment_status":"open","ping_status":"closed","sticky":false,"template":"","format":"standard","meta":[],"categories":[3],"tags":[],"_links":{"self":[{"href":"https:\/\/blitzconquista.com.br\/index.php?rest_route=\/wp\/v2\/posts\/28994"}],"collection":[{"href":"https:\/\/blitzconquista.com.br\/index.php?rest_route=\/wp\/v2\/posts"}],"about":[{"href":"https:\/\/blitzconquista.com.br\/index.php?rest_route=\/wp\/v2\/types\/post"}],"author":[{"embeddable":true,"href":"https:\/\/blitzconquista.com.br\/index.php?rest_route=\/wp\/v2\/users\/1"}],"replies":[{"embeddable":true,"href":"https:\/\/blitzconquista.com.br\/index.php?rest_route=%2Fwp%2Fv2%2Fcomments&post=28994"}],"version-history":[{"count":0,"href":"https:\/\/blitzconquista.com.br\/index.php?rest_route=\/wp\/v2\/posts\/28994\/revisions"}],"wp:featuredmedia":[{"embeddable":true,"href":"https:\/\/blitzconquista.com.br\/index.php?rest_route=\/"}],"wp:attachment":[{"href":"https:\/\/blitzconquista.com.br\/index.php?rest_route=%2Fwp%2Fv2%2Fmedia&parent=28994"}],"wp:term":[{"taxonomy":"category","embeddable":true,"href":"https:\/\/blitzconquista.com.br\/index.php?rest_route=%2Fwp%2Fv2%2Fcategories&post=28994"},{"taxonomy":"post_tag","embeddable":true,"href":"https:\/\/blitzconquista.com.br\/index.php?rest_route=%2Fwp%2Fv2%2Ftags&post=28994"}],"curies":[{"name":"wp","href":"https:\/\/api.w.org\/{rel}","templated":true}]}}