{"id":29078,"date":"2014-10-10T00:41:41","date_gmt":"2014-10-10T03:41:41","guid":{"rendered":"http:\/\/blitzconquista.com.br\/new\/?p=29078"},"modified":"2014-10-10T00:41:41","modified_gmt":"2014-10-10T03:41:41","slug":"ssp-discute-portaria-assinada-para-reduzir-veiculos-em-patios-de-delegacias","status":"publish","type":"post","link":"https:\/\/blitzconquista.com.br\/?p=29078","title":{"rendered":"SSP discute portaria assinada para reduzir ve\u00edculos em p\u00e1tios de delegacias"},"content":{"rendered":"<p>Nesta quinta-feira(09) foi realizada uma reuni\u00e3o entre o corregedor-geral da Secretaria de Seguran\u00e7a P\u00fablica- SSP, N\u00e9lson Gaspar e os diretores e delegados dos departamentos de Homic\u00eddios e Prote\u00e7\u00e3o a Pessoa (DHPP) e de Narc\u00f3ticos, al\u00e9m de representantes do Departamento de Crimes Contra o Patrim\u00f4nio. O motivo da reuni\u00e3o foi a discuss\u00e3o a respeito da Portaria n\u00ba 669, da Secretaria da Seguran\u00e7a P\u00fablica (SSP), que visa diminuir o ac\u00famulo de ve\u00edculos apreendidos ou recuperados nos p\u00e1tios e entornos de delegacias em toda a Bahia. De acordo com Gaspar, &#8220;a iniciativa, determinada pelo secret\u00e1rio [estadual] Maur\u00edcio Barbosa, foi pensada durante dois anos por um grupo de trabalho do qual fiz parte. Essa medida vai amenizar a situa\u00e7\u00e3o de delegacias da capital, regi\u00e3o metropolitana e do interior que, em algumas situa\u00e7\u00f5es, representam um risco \u00e0 sa\u00fade dos nossos servidores e da popula\u00e7\u00e3o\u201d. A portaria publicada no Di\u00e1rio Oficial do Estado, no dia 25 de setembro deste ano, determina quais documentos s\u00e3o necess\u00e1rios para que os propriet\u00e1rios ou as seguradoras retirem os autom\u00f3veis e permite \u00e0 pol\u00edcia encaminhar os ve\u00edculos, ap\u00f3s 90 dias de espera, para leil\u00e3o.<\/p>\n<p>*Imagem de internet.<\/p>\n","protected":false},"excerpt":{"rendered":"<p>Nesta quinta-feira(09) foi realizada uma reuni\u00e3o entre o corregedor-geral da Secretaria de Seguran\u00e7a P\u00fablica- SSP, N\u00e9lson Gaspar e os diretores e delegados dos departamentos de Homic\u00eddios e Prote\u00e7\u00e3o a Pessoa (DHPP) e de Narc\u00f3ticos, al\u00e9m de representantes do Departamento de Crimes Contra o Patrim\u00f4nio. O motivo da reuni\u00e3o foi a discuss\u00e3o a respeito da Portaria [&hellip;]<\/p>\n","protected":false},"author":1,"featured_media":29079,"comment_status":"open","ping_status":"closed","sticky":false,"template":"","format":"standard","meta":[],"categories":[3],"tags":[],"_links":{"self":[{"href":"https:\/\/blitzconquista.com.br\/index.php?rest_route=\/wp\/v2\/posts\/29078"}],"collection":[{"href":"https:\/\/blitzconquista.com.br\/index.php?rest_route=\/wp\/v2\/posts"}],"about":[{"href":"https:\/\/blitzconquista.com.br\/index.php?rest_route=\/wp\/v2\/types\/post"}],"author":[{"embeddable":true,"href":"https:\/\/blitzconquista.com.br\/index.php?rest_route=\/wp\/v2\/users\/1"}],"replies":[{"embeddable":true,"href":"https:\/\/blitzconquista.com.br\/index.php?rest_route=%2Fwp%2Fv2%2Fcomments&post=29078"}],"version-history":[{"count":0,"href":"https:\/\/blitzconquista.com.br\/index.php?rest_route=\/wp\/v2\/posts\/29078\/revisions"}],"wp:featuredmedia":[{"embeddable":true,"href":"https:\/\/blitzconquista.com.br\/index.php?rest_route=\/"}],"wp:attachment":[{"href":"https:\/\/blitzconquista.com.br\/index.php?rest_route=%2Fwp%2Fv2%2Fmedia&parent=29078"}],"wp:term":[{"taxonomy":"category","embeddable":true,"href":"https:\/\/blitzconquista.com.br\/index.php?rest_route=%2Fwp%2Fv2%2Fcategories&post=29078"},{"taxonomy":"post_tag","embeddable":true,"href":"https:\/\/blitzconquista.com.br\/index.php?rest_route=%2Fwp%2Fv2%2Ftags&post=29078"}],"curies":[{"name":"wp","href":"https:\/\/api.w.org\/{rel}","templated":true}]}}