{"id":30362,"date":"2014-11-14T18:37:03","date_gmt":"2014-11-14T21:37:03","guid":{"rendered":"http:\/\/blitzconquista.com.br\/new\/?p=30362"},"modified":"2014-11-14T18:37:03","modified_gmt":"2014-11-14T21:37:03","slug":"coordenacao-da-4a-ciretran-afirma-que-esta-investigando-desvio-de-documentos-em-branco","status":"publish","type":"post","link":"https:\/\/blitzconquista.com.br\/?p=30362","title":{"rendered":"Coordena\u00e7\u00e3o da 4\u00aa CIRETRAN afirma que est\u00e1 investigando desvio de documentos em branco"},"content":{"rendered":"<p>Na tarde desta sexta-feira, 14, a 4\u00aa CIRETRAN divulgou uma nota informando que o coordenador, Javan Rodrigues, esteve com o Corregedor do DETRAN Oswaldo Moura e com o Capit\u00e3o Caio moinhos da Diretoria de ve\u00edculos, na noite desta quinta-feira, 13,e estar\u00e1 colaborando com as investiga\u00e7\u00f5es para chegar aos autores do desvio dos documentos.<br \/>\nA nota foi emitida ap\u00f3s a pris\u00e3o de Ant\u00f4nio Augusto Vieira Lemos, vulgo \u201cMara\u00fa\u201d, 30 anos, o qual foi flagrando com dezenas de DUTs em branco que teriam sido desviados da 4\u00aa CIRETRAN. Mara\u00fa afirmou que estava vendendo o documento falso h\u00e1 cerca de cinco meses.<br \/>\nNo dia 2 de setembro, investigadores da Pol\u00edcia Civil prenderem um homem acusado de corrup\u00e7\u00e3o na CIRETRAN. Jadyr foi condenado por envolvimento no esquema de vistoria de ve\u00edculos e compra de Carteiras de Habilita\u00e7\u00e3o.<\/p>\n<p><strong>Leia a nota na \u00edntegra<\/strong><\/p>\n<p><em>4\u00aa CIRETRAN e Corregedoria do DETRAN-BA investigam desvio de documentos em branco em Conquista<\/em><\/p>\n<p><em>\u00a0O coordenador da 4\u00aa CIRETRAN, Javan Rodrigues, esteve com o Corregedor do DETRAN Oswaldo Moura e com o Capit\u00e3o Caio moinhos da Diretoria de ve\u00edculos na noite desta quinta-feira 13\/11\/2014, colaborando com as investiga\u00e7\u00f5es que levaram a pris\u00e3o de um meliante acusado de comercializar planilhas em branco supostamente desviadas do \u00f3rg\u00e3o. Segundo o coordenador, a 4\u00aa CIRETRAN dar\u00e1 todo apoio a Pol\u00edcia Civil na forma\u00e7\u00e3o de elementos de prova para chegar aos autores dos supostos desvios.<\/em><\/p>\n<p>&nbsp;<\/p>\n","protected":false},"excerpt":{"rendered":"<p>Na tarde desta sexta-feira, 14, a 4\u00aa CIRETRAN divulgou uma nota informando que o coordenador, Javan Rodrigues, esteve com o Corregedor do DETRAN Oswaldo Moura e com o Capit\u00e3o Caio moinhos da Diretoria de ve\u00edculos, na noite desta quinta-feira, 13,e estar\u00e1 colaborando com as investiga\u00e7\u00f5es para chegar aos autores do desvio dos documentos. A nota [&hellip;]<\/p>\n","protected":false},"author":1,"featured_media":30333,"comment_status":"open","ping_status":"closed","sticky":false,"template":"","format":"standard","meta":[],"categories":[3],"tags":[],"_links":{"self":[{"href":"https:\/\/blitzconquista.com.br\/index.php?rest_route=\/wp\/v2\/posts\/30362"}],"collection":[{"href":"https:\/\/blitzconquista.com.br\/index.php?rest_route=\/wp\/v2\/posts"}],"about":[{"href":"https:\/\/blitzconquista.com.br\/index.php?rest_route=\/wp\/v2\/types\/post"}],"author":[{"embeddable":true,"href":"https:\/\/blitzconquista.com.br\/index.php?rest_route=\/wp\/v2\/users\/1"}],"replies":[{"embeddable":true,"href":"https:\/\/blitzconquista.com.br\/index.php?rest_route=%2Fwp%2Fv2%2Fcomments&post=30362"}],"version-history":[{"count":0,"href":"https:\/\/blitzconquista.com.br\/index.php?rest_route=\/wp\/v2\/posts\/30362\/revisions"}],"wp:featuredmedia":[{"embeddable":true,"href":"https:\/\/blitzconquista.com.br\/index.php?rest_route=\/"}],"wp:attachment":[{"href":"https:\/\/blitzconquista.com.br\/index.php?rest_route=%2Fwp%2Fv2%2Fmedia&parent=30362"}],"wp:term":[{"taxonomy":"category","embeddable":true,"href":"https:\/\/blitzconquista.com.br\/index.php?rest_route=%2Fwp%2Fv2%2Fcategories&post=30362"},{"taxonomy":"post_tag","embeddable":true,"href":"https:\/\/blitzconquista.com.br\/index.php?rest_route=%2Fwp%2Fv2%2Ftags&post=30362"}],"curies":[{"name":"wp","href":"https:\/\/api.w.org\/{rel}","templated":true}]}}