{"id":30490,"date":"2014-11-18T14:28:52","date_gmt":"2014-11-18T17:28:52","guid":{"rendered":"http:\/\/blitzconquista.com.br\/new\/?p=30490"},"modified":"2014-11-18T14:28:52","modified_gmt":"2014-11-18T17:28:52","slug":"aviao-e-esvaziado-no-recife-apos-suspeita-de-bomba-rojao-e-achado","status":"publish","type":"post","link":"https:\/\/blitzconquista.com.br\/?p=30490","title":{"rendered":"Avi\u00e3o \u00e9 esvaziado no Recife ap\u00f3s suspeita de bomba; roj\u00e3o \u00e9 achado"},"content":{"rendered":"<p>Passageiros de um voo da Tam que faria a rota Recife-Bras\u00edlia levaram um susto na manh\u00e3 desta ter\u00e7a-feira. A aeronave precisou ser esvaziada poucos minutos antes da decolagem porque existia a suspeita de uma bomba na bagagem de um passageiro.<\/p>\n<p>Segundo a Pol\u00edcia Federal se tratava de um roj\u00e3o pequeno, &#8220;que cabia na palma da m\u00e3o&#8221;, e n\u00e3o de uma bomba. Todos os passageiros tiveram que voltar para a \u00e1rea de embarque e passar mais uma vez pelo raio-x. As bagagens tamb\u00e9m foram vistoriadas novamente e a aeronave passou por uma varredura da PF.<\/p>\n<p>Segundo a Tam, o voo JJ3304 estava programado para decolar \u00e0s 7h10min do aeroporto Internacional de Guararapes, no Recife, mas &#8220;operou com atraso em raz\u00e3o da presen\u00e7a de um artefato de pequeno porte a bordo&#8221; e acabou partindo \u00e0s 10h. A aeronave seguiu viagem at\u00e9 Bras\u00edlia sem registrar qualquer ocorr\u00eancia.<\/p>\n<p>At\u00e9 o in\u00edcio da tarde desta ter\u00e7a a Pol\u00edcia Federal n\u00e3o havia informado detalhes sobre o passageiro, nem o que aconteceu com ele ap\u00f3s o artefato ser localizado.\u00a0 *Com informa\u00e7\u00f5es da Band<\/p>\n","protected":false},"excerpt":{"rendered":"<p>Passageiros de um voo da Tam que faria a rota Recife-Bras\u00edlia levaram um susto na manh\u00e3 desta ter\u00e7a-feira. A aeronave precisou ser esvaziada poucos minutos antes da decolagem porque existia a suspeita de uma bomba na bagagem de um passageiro. Segundo a Pol\u00edcia Federal se tratava de um roj\u00e3o pequeno, &#8220;que cabia na palma da [&hellip;]<\/p>\n","protected":false},"author":1,"featured_media":30491,"comment_status":"open","ping_status":"closed","sticky":false,"template":"","format":"standard","meta":[],"categories":[3],"tags":[],"_links":{"self":[{"href":"https:\/\/blitzconquista.com.br\/index.php?rest_route=\/wp\/v2\/posts\/30490"}],"collection":[{"href":"https:\/\/blitzconquista.com.br\/index.php?rest_route=\/wp\/v2\/posts"}],"about":[{"href":"https:\/\/blitzconquista.com.br\/index.php?rest_route=\/wp\/v2\/types\/post"}],"author":[{"embeddable":true,"href":"https:\/\/blitzconquista.com.br\/index.php?rest_route=\/wp\/v2\/users\/1"}],"replies":[{"embeddable":true,"href":"https:\/\/blitzconquista.com.br\/index.php?rest_route=%2Fwp%2Fv2%2Fcomments&post=30490"}],"version-history":[{"count":0,"href":"https:\/\/blitzconquista.com.br\/index.php?rest_route=\/wp\/v2\/posts\/30490\/revisions"}],"wp:featuredmedia":[{"embeddable":true,"href":"https:\/\/blitzconquista.com.br\/index.php?rest_route=\/"}],"wp:attachment":[{"href":"https:\/\/blitzconquista.com.br\/index.php?rest_route=%2Fwp%2Fv2%2Fmedia&parent=30490"}],"wp:term":[{"taxonomy":"category","embeddable":true,"href":"https:\/\/blitzconquista.com.br\/index.php?rest_route=%2Fwp%2Fv2%2Fcategories&post=30490"},{"taxonomy":"post_tag","embeddable":true,"href":"https:\/\/blitzconquista.com.br\/index.php?rest_route=%2Fwp%2Fv2%2Ftags&post=30490"}],"curies":[{"name":"wp","href":"https:\/\/api.w.org\/{rel}","templated":true}]}}