{"id":30510,"date":"2014-11-19T13:54:24","date_gmt":"2014-11-19T16:54:24","guid":{"rendered":"http:\/\/blitzconquista.com.br\/new\/?p=30510"},"modified":"2014-11-19T13:54:24","modified_gmt":"2014-11-19T16:54:24","slug":"veiculo-pega-fogo-na-av-vivaldo-mendes","status":"publish","type":"post","link":"https:\/\/blitzconquista.com.br\/?p=30510","title":{"rendered":"Ve\u00edculo pega fogo na Av. Vivaldo Mendes"},"content":{"rendered":"<p>Um carro de passeio, modelo Fiesta Sedan, pegou fogo na Av. Vivaldo Mendes por volta das 22h30 desta ter\u00e7a-feira, 19.<\/p>\n<p><a href=\"http:\/\/blitzconquista.com.br\/new\/?attachment_id=30511\" rel=\"attachment wp-att-30511\"><img decoding=\"async\" loading=\"lazy\" class=\"size-full wp-image-30511 aligncenter\" src=\"http:\/\/blitzconquista.com.br\/new\/wp-content\/uploads\/2014\/11\/DSC_0628.jpg\" alt=\"DSC_0628\" width=\"590\" height=\"420\" \/><\/a><\/p>\n<p>Testemunhas disseram ter visto pingos de fogo saindo do ve\u00edculo. O condutor foi alertado e estacionou o carro. Todos os ocupantes sa\u00edram e rapidamente as chamas destru\u00edram o autom\u00f3vel. Ningu\u00e9m ficou ferido.<\/p>\n<p><a href=\"http:\/\/blitzconquista.com.br\/new\/?attachment_id=30512\" rel=\"attachment wp-att-30512\"><img decoding=\"async\" loading=\"lazy\" class=\"size-full wp-image-30512 aligncenter\" src=\"http:\/\/blitzconquista.com.br\/new\/wp-content\/uploads\/2014\/11\/DSC_0634.jpg\" alt=\"DSC_0634\" width=\"590\" height=\"420\" \/><\/a><\/p>\n<p>O Corpo de Bombeiros foi acionado e extinguiu as chamas, que amea\u00e7avam a faixada da resid\u00eancia em frente ao local onde o ve\u00edculo foi estacionado.<\/p>\n","protected":false},"excerpt":{"rendered":"<p>Um carro de passeio, modelo Fiesta Sedan, pegou fogo na Av. Vivaldo Mendes por volta das 22h30 desta ter\u00e7a-feira, 19. Testemunhas disseram ter visto pingos de fogo saindo do ve\u00edculo. O condutor foi alertado e estacionou o carro. Todos os ocupantes sa\u00edram e rapidamente as chamas destru\u00edram o autom\u00f3vel. Ningu\u00e9m ficou ferido. O Corpo de [&hellip;]<\/p>\n","protected":false},"author":1,"featured_media":30513,"comment_status":"open","ping_status":"closed","sticky":false,"template":"","format":"standard","meta":[],"categories":[3],"tags":[],"_links":{"self":[{"href":"https:\/\/blitzconquista.com.br\/index.php?rest_route=\/wp\/v2\/posts\/30510"}],"collection":[{"href":"https:\/\/blitzconquista.com.br\/index.php?rest_route=\/wp\/v2\/posts"}],"about":[{"href":"https:\/\/blitzconquista.com.br\/index.php?rest_route=\/wp\/v2\/types\/post"}],"author":[{"embeddable":true,"href":"https:\/\/blitzconquista.com.br\/index.php?rest_route=\/wp\/v2\/users\/1"}],"replies":[{"embeddable":true,"href":"https:\/\/blitzconquista.com.br\/index.php?rest_route=%2Fwp%2Fv2%2Fcomments&post=30510"}],"version-history":[{"count":0,"href":"https:\/\/blitzconquista.com.br\/index.php?rest_route=\/wp\/v2\/posts\/30510\/revisions"}],"wp:featuredmedia":[{"embeddable":true,"href":"https:\/\/blitzconquista.com.br\/index.php?rest_route=\/"}],"wp:attachment":[{"href":"https:\/\/blitzconquista.com.br\/index.php?rest_route=%2Fwp%2Fv2%2Fmedia&parent=30510"}],"wp:term":[{"taxonomy":"category","embeddable":true,"href":"https:\/\/blitzconquista.com.br\/index.php?rest_route=%2Fwp%2Fv2%2Fcategories&post=30510"},{"taxonomy":"post_tag","embeddable":true,"href":"https:\/\/blitzconquista.com.br\/index.php?rest_route=%2Fwp%2Fv2%2Ftags&post=30510"}],"curies":[{"name":"wp","href":"https:\/\/api.w.org\/{rel}","templated":true}]}}