{"id":30540,"date":"2014-11-19T18:00:49","date_gmt":"2014-11-19T21:00:49","guid":{"rendered":"http:\/\/blitzconquista.com.br\/new\/?p=30540"},"modified":"2014-11-19T18:00:49","modified_gmt":"2014-11-19T21:00:49","slug":"prf-realiza-treino-simulado-tatico-em-conquista","status":"publish","type":"post","link":"https:\/\/blitzconquista.com.br\/?p=30540","title":{"rendered":"PRF realiza treino simulado t\u00e1tico em Conquista"},"content":{"rendered":"<p>Na tarde desta quarta-feira, 19, equipes de Choque, motopoliciamento e opera\u00e7\u00f5es a\u00e9reas da Pol\u00edcia Rodovi\u00e1ria Federal realizaram um treinamento com simulados t\u00e1ticos em Vit\u00f3ria da Conquista. O treinamento ocorreu no bairro Universit\u00e1rio, mais conhecido como \u201cTapet\u00e3o\u201d, nas imedia\u00e7\u00f5es da Av. Ol\u00edvia Flores.<\/p>\n<p><a href=\"http:\/\/blitzconquista.com.br\/new\/?attachment_id=30543\" rel=\"attachment wp-att-30543\"><img decoding=\"async\" loading=\"lazy\" class=\"size-full wp-image-30543 aligncenter\" src=\"http:\/\/blitzconquista.com.br\/new\/wp-content\/uploads\/2014\/11\/20141119_152716.jpg\" alt=\"20141119_152716\" width=\"590\" height=\"420\" \/><\/a><\/p>\n<p>De acordo com o N\u00facleo de Comunica\u00e7\u00e3o da PRF essa foi a primeira vez que este aparato esteve em atividade na regi\u00e3o e registrado pela imprensa.<\/p>\n<p><a href=\"http:\/\/blitzconquista.com.br\/new\/?attachment_id=30542\" rel=\"attachment wp-att-30542\"><img decoding=\"async\" loading=\"lazy\" class=\"size-full wp-image-30542 aligncenter\" src=\"http:\/\/blitzconquista.com.br\/new\/wp-content\/uploads\/2014\/11\/20141119_151358.jpg\" alt=\"20141119_151358\" width=\"581\" height=\"296\" \/><\/a><\/p>\n","protected":false},"excerpt":{"rendered":"<p>Na tarde desta quarta-feira, 19, equipes de Choque, motopoliciamento e opera\u00e7\u00f5es a\u00e9reas da Pol\u00edcia Rodovi\u00e1ria Federal realizaram um treinamento com simulados t\u00e1ticos em Vit\u00f3ria da Conquista. O treinamento ocorreu no bairro Universit\u00e1rio, mais conhecido como \u201cTapet\u00e3o\u201d, nas imedia\u00e7\u00f5es da Av. Ol\u00edvia Flores. De acordo com o N\u00facleo de Comunica\u00e7\u00e3o da PRF essa foi a primeira [&hellip;]<\/p>\n","protected":false},"author":1,"featured_media":30541,"comment_status":"open","ping_status":"closed","sticky":false,"template":"","format":"standard","meta":[],"categories":[3],"tags":[],"_links":{"self":[{"href":"https:\/\/blitzconquista.com.br\/index.php?rest_route=\/wp\/v2\/posts\/30540"}],"collection":[{"href":"https:\/\/blitzconquista.com.br\/index.php?rest_route=\/wp\/v2\/posts"}],"about":[{"href":"https:\/\/blitzconquista.com.br\/index.php?rest_route=\/wp\/v2\/types\/post"}],"author":[{"embeddable":true,"href":"https:\/\/blitzconquista.com.br\/index.php?rest_route=\/wp\/v2\/users\/1"}],"replies":[{"embeddable":true,"href":"https:\/\/blitzconquista.com.br\/index.php?rest_route=%2Fwp%2Fv2%2Fcomments&post=30540"}],"version-history":[{"count":0,"href":"https:\/\/blitzconquista.com.br\/index.php?rest_route=\/wp\/v2\/posts\/30540\/revisions"}],"wp:featuredmedia":[{"embeddable":true,"href":"https:\/\/blitzconquista.com.br\/index.php?rest_route=\/"}],"wp:attachment":[{"href":"https:\/\/blitzconquista.com.br\/index.php?rest_route=%2Fwp%2Fv2%2Fmedia&parent=30540"}],"wp:term":[{"taxonomy":"category","embeddable":true,"href":"https:\/\/blitzconquista.com.br\/index.php?rest_route=%2Fwp%2Fv2%2Fcategories&post=30540"},{"taxonomy":"post_tag","embeddable":true,"href":"https:\/\/blitzconquista.com.br\/index.php?rest_route=%2Fwp%2Fv2%2Ftags&post=30540"}],"curies":[{"name":"wp","href":"https:\/\/api.w.org\/{rel}","templated":true}]}}