{"id":30597,"date":"2014-11-21T01:53:07","date_gmt":"2014-11-21T04:53:07","guid":{"rendered":"http:\/\/blitzconquista.com.br\/new\/?p=30597"},"modified":"2014-11-21T01:53:07","modified_gmt":"2014-11-21T04:53:07","slug":"fbf-divulga-arbitragem-para-os-jogos-de-volta-das-semifinais-da-copa-governador","status":"publish","type":"post","link":"https:\/\/blitzconquista.com.br\/?p=30597","title":{"rendered":"FBF divulga arbitragem para os jogos de volta das semifinais da Copa Governador"},"content":{"rendered":"<p>A FBF anunciou na tarde desta quinta (20), a escala de \u00e1rbitros para os jogos de volta das semifinais da Copa Governador do Estado, que ser\u00e3o realizados neste final de semana.<\/p>\n<p>Na partida Jacuipense e Serrano, que acontece neste domingo (23), no est\u00e1dio Alberto Oliveira, em Feira de Santana, a arbitragem ser\u00e1 de Diego Pombo Lopez, auxiliado por Jos\u00e9 Carlos Oliveira dos Santos e Carlos Eduardo Bregalda Gussem, todos de Salvador. O 4\u00ba \u00e1rbitro ser\u00e1 o feirense Glaco Mateus Santiago da Silva.<\/p>\n<p>Como empatou o jogo de ida, o Serrano ter\u00e1 que vencer por qualquer placar para ficar com a vaga na final.<\/p>\n<p>No mesmo dia e hor\u00e1rio, o Vit\u00f3ria da Conquista joga contra a Catuense, no est\u00e1dio Lomanto J\u00fanior. O \u00e1rbitro da partida ser\u00e1 Eziquiel Sousa Costa (foto), da cidade de Macarani, tendo como assistentes Luis Ant\u00f4nio Cerqueira e Edevan de Oliveira Pereira, das cidades de Ilh\u00e9us e Itamb\u00e9, respectivamente. O 4\u00ba \u00e1rbitro ser\u00e1 o conquistense Nogueira Prado.<\/p>\n<p>O Vit\u00f3ria da Conquista poder\u00e1 at\u00e9 perder com um gol de diferen\u00e7a que ficar\u00e1 com a vaga na final da competi\u00e7\u00e3o. <em>*Por Luciano Pina\/Cidade Esportes<\/em><\/p>\n","protected":false},"excerpt":{"rendered":"<p>A FBF anunciou na tarde desta quinta (20), a escala de \u00e1rbitros para os jogos de volta das semifinais da Copa Governador do Estado, que ser\u00e3o realizados neste final de semana. Na partida Jacuipense e Serrano, que acontece neste domingo (23), no est\u00e1dio Alberto Oliveira, em Feira de Santana, a arbitragem ser\u00e1 de Diego Pombo [&hellip;]<\/p>\n","protected":false},"author":1,"featured_media":30598,"comment_status":"open","ping_status":"closed","sticky":false,"template":"","format":"standard","meta":[],"categories":[1],"tags":[],"_links":{"self":[{"href":"https:\/\/blitzconquista.com.br\/index.php?rest_route=\/wp\/v2\/posts\/30597"}],"collection":[{"href":"https:\/\/blitzconquista.com.br\/index.php?rest_route=\/wp\/v2\/posts"}],"about":[{"href":"https:\/\/blitzconquista.com.br\/index.php?rest_route=\/wp\/v2\/types\/post"}],"author":[{"embeddable":true,"href":"https:\/\/blitzconquista.com.br\/index.php?rest_route=\/wp\/v2\/users\/1"}],"replies":[{"embeddable":true,"href":"https:\/\/blitzconquista.com.br\/index.php?rest_route=%2Fwp%2Fv2%2Fcomments&post=30597"}],"version-history":[{"count":0,"href":"https:\/\/blitzconquista.com.br\/index.php?rest_route=\/wp\/v2\/posts\/30597\/revisions"}],"wp:featuredmedia":[{"embeddable":true,"href":"https:\/\/blitzconquista.com.br\/index.php?rest_route=\/"}],"wp:attachment":[{"href":"https:\/\/blitzconquista.com.br\/index.php?rest_route=%2Fwp%2Fv2%2Fmedia&parent=30597"}],"wp:term":[{"taxonomy":"category","embeddable":true,"href":"https:\/\/blitzconquista.com.br\/index.php?rest_route=%2Fwp%2Fv2%2Fcategories&post=30597"},{"taxonomy":"post_tag","embeddable":true,"href":"https:\/\/blitzconquista.com.br\/index.php?rest_route=%2Fwp%2Fv2%2Ftags&post=30597"}],"curies":[{"name":"wp","href":"https:\/\/api.w.org\/{rel}","templated":true}]}}