{"id":30623,"date":"2014-11-22T06:17:20","date_gmt":"2014-11-22T09:17:20","guid":{"rendered":"http:\/\/blitzconquista.com.br\/new\/?p=30623"},"modified":"2014-11-22T06:17:20","modified_gmt":"2014-11-22T09:17:20","slug":"grupamento-aereo-da-pm-sera-implantado-em-conquista","status":"publish","type":"post","link":"https:\/\/blitzconquista.com.br\/?p=30623","title":{"rendered":"Grupamento a\u00e9reo da PM ser\u00e1 implantado em Conquista"},"content":{"rendered":"<p>O Deputado Estadual Jos\u00e9 Raimundo Fontes, relator do projeto da Lei de Organiza\u00e7\u00e3o B\u00e1sica da PM, aprovada na noite da \u00faltima quarta-feira, 19, esteve no est\u00fadio da Brasil FM e concedeu uma entrevista exclusiva ao Blitz Conquista e Programa conquista meio-dia. Fontes informou que al\u00e9m do Comando de Policiamento Regional, Conquista ser\u00e1 contemplada com a 93\u00aa Companhia Independente, Esquadr\u00e3o Motocicl\u00edstico e uma Companhia de Emprego T\u00e1tico, que atender\u00e1 toda regi\u00e3o Sudoeste.<br \/>\nO Deputado relembrou a promessa do Governador Eleito, Ruy Costa, sobre a implanta\u00e7\u00e3o do Grupamento A\u00e9reo na Cidade &#8211; Graer e confirmou o compromisso. Ainda n\u00e3o h\u00e1 tempo previsto para implanta\u00e7\u00e3o.<br \/>\nOu\u00e7a a entrevista completa.<\/p>\n<p><center><iframe loading=\"lazy\" src=\"\/\/www.youtube.com\/embed\/4yAv_tPmItE\" width=\"200\" height=\"150\" frameborder=\"0\" allowfullscreen=\"allowfullscreen\"><\/iframe><\/center><\/p>\n","protected":false},"excerpt":{"rendered":"<p>O Deputado Estadual Jos\u00e9 Raimundo Fontes, relator do projeto da Lei de Organiza\u00e7\u00e3o B\u00e1sica da PM, aprovada na noite da \u00faltima quarta-feira, 19, esteve no est\u00fadio da Brasil FM e concedeu uma entrevista exclusiva ao Blitz Conquista e Programa conquista meio-dia. Fontes informou que al\u00e9m do Comando de Policiamento Regional, Conquista ser\u00e1 contemplada com a [&hellip;]<\/p>\n","protected":false},"author":1,"featured_media":30625,"comment_status":"open","ping_status":"closed","sticky":false,"template":"","format":"standard","meta":[],"categories":[3],"tags":[],"_links":{"self":[{"href":"https:\/\/blitzconquista.com.br\/index.php?rest_route=\/wp\/v2\/posts\/30623"}],"collection":[{"href":"https:\/\/blitzconquista.com.br\/index.php?rest_route=\/wp\/v2\/posts"}],"about":[{"href":"https:\/\/blitzconquista.com.br\/index.php?rest_route=\/wp\/v2\/types\/post"}],"author":[{"embeddable":true,"href":"https:\/\/blitzconquista.com.br\/index.php?rest_route=\/wp\/v2\/users\/1"}],"replies":[{"embeddable":true,"href":"https:\/\/blitzconquista.com.br\/index.php?rest_route=%2Fwp%2Fv2%2Fcomments&post=30623"}],"version-history":[{"count":0,"href":"https:\/\/blitzconquista.com.br\/index.php?rest_route=\/wp\/v2\/posts\/30623\/revisions"}],"wp:featuredmedia":[{"embeddable":true,"href":"https:\/\/blitzconquista.com.br\/index.php?rest_route=\/"}],"wp:attachment":[{"href":"https:\/\/blitzconquista.com.br\/index.php?rest_route=%2Fwp%2Fv2%2Fmedia&parent=30623"}],"wp:term":[{"taxonomy":"category","embeddable":true,"href":"https:\/\/blitzconquista.com.br\/index.php?rest_route=%2Fwp%2Fv2%2Fcategories&post=30623"},{"taxonomy":"post_tag","embeddable":true,"href":"https:\/\/blitzconquista.com.br\/index.php?rest_route=%2Fwp%2Fv2%2Ftags&post=30623"}],"curies":[{"name":"wp","href":"https:\/\/api.w.org\/{rel}","templated":true}]}}