{"id":30690,"date":"2014-11-23T19:08:23","date_gmt":"2014-11-23T22:08:23","guid":{"rendered":"http:\/\/blitzconquista.com.br\/new\/?p=30690"},"modified":"2014-11-23T19:08:23","modified_gmt":"2014-11-23T22:08:23","slug":"prefeitura-promove-iv-semana-de-prevencao-ao-uso-indevido-de-alcool-e-outras-drogas","status":"publish","type":"post","link":"https:\/\/blitzconquista.com.br\/?p=30690","title":{"rendered":"Prefeitura promove IV Semana de Preven\u00e7\u00e3o ao Uso Indevido de \u00c1lcool e Outras Drogas"},"content":{"rendered":"<div id=\"stcpDiv\">\n<p>No per\u00edodo de 24 a 28 de novembro, a Prefeitura de Vit\u00f3ria da Conquista, em parceria com a Comunidade Terap\u00eautica Fazenda Vida e Esperan\u00e7a (Cotefave), realizar\u00e1 a IV Semana Municipal de Preven\u00e7\u00e3o ao Uso Indevido de \u00c1lcool e Outras Drogas. O evento tem como tema: \u201cVida sem drogas, uma vit\u00f3ria de todos\u201d e conta com o apoio de diversas entidades, como Pol\u00edcia Militar, institui\u00e7\u00f5es de ensino, imprensa, entidades filantr\u00f3picas, igrejas e Minist\u00e9rio P\u00fablico.<\/p>\n<p>Durante cinco dias, ser\u00e3o realizadas blitzes educativas, atividades de conscientiza\u00e7\u00e3o em escolas, empresas, universidades e bares e uma caminhada, na Avenida Ol\u00edvia Flores, no dia 28. O objetivo \u00e9 alertar a popula\u00e7\u00e3o quanto \u00e0s quest\u00f5es relacionadas ao uso de subst\u00e2ncias psicoativas n\u00e3o legalizadas e de drogas l\u00edcitas, como o \u00e1lcool.<\/p>\n<p><strong>Aten\u00e7\u00e3o \u00e0 sa\u00fade<\/strong> \u2013 O Governo Municipal estruturou uma rede de atendimento espec\u00edfico na \u00e1rea de Sa\u00fade Mental. A popula\u00e7\u00e3o conta com centros de aten\u00e7\u00e3o psicossocial para adultos com depress\u00e3o, neuroses e psicoses (Caps II), crian\u00e7as e adolescentes portadores de transtornos mentais (Caps IA) e para pessoas com depend\u00eancia de algum tipo de droga (Caps AD).<\/p>\n<p>H\u00e1 tamb\u00e9m o atendimento oferecido pela equipe do chamado Consult\u00f3rio na Rua e, em breve, do Caps AD III, que funcionar\u00e1 24 horas, com a Unidade de Acolhimento Adulto. Estes equipamentos resultam da ades\u00e3o do Munic\u00edpio ao programa \u201cCrack, \u00e9 poss\u00edvel vencer\u201d.<\/p>\n<p>Ainda em Vit\u00f3ria da Conquista, a popula\u00e7\u00e3o tem \u00e0 disposi\u00e7\u00e3o o Hospital Psiqui\u00e1trico Afr\u00e2nio Peixoto, um ambulat\u00f3rio de psiquiatria no Centro Municipal de Aten\u00e7\u00e3o Especializada (Cemae) e outro de psicologia, no Centro Regional de Refer\u00eancia Cresc\u00eancio Silveira. *Secom<\/p>\n<\/div>\n","protected":false},"excerpt":{"rendered":"<p>No per\u00edodo de 24 a 28 de novembro, a Prefeitura de Vit\u00f3ria da Conquista, em parceria com a Comunidade Terap\u00eautica Fazenda Vida e Esperan\u00e7a (Cotefave), realizar\u00e1 a IV Semana Municipal de Preven\u00e7\u00e3o ao Uso Indevido de \u00c1lcool e Outras Drogas. O evento tem como tema: \u201cVida sem drogas, uma vit\u00f3ria de todos\u201d e conta com [&hellip;]<\/p>\n","protected":false},"author":1,"featured_media":30691,"comment_status":"open","ping_status":"closed","sticky":false,"template":"","format":"standard","meta":[],"categories":[30],"tags":[],"_links":{"self":[{"href":"https:\/\/blitzconquista.com.br\/index.php?rest_route=\/wp\/v2\/posts\/30690"}],"collection":[{"href":"https:\/\/blitzconquista.com.br\/index.php?rest_route=\/wp\/v2\/posts"}],"about":[{"href":"https:\/\/blitzconquista.com.br\/index.php?rest_route=\/wp\/v2\/types\/post"}],"author":[{"embeddable":true,"href":"https:\/\/blitzconquista.com.br\/index.php?rest_route=\/wp\/v2\/users\/1"}],"replies":[{"embeddable":true,"href":"https:\/\/blitzconquista.com.br\/index.php?rest_route=%2Fwp%2Fv2%2Fcomments&post=30690"}],"version-history":[{"count":0,"href":"https:\/\/blitzconquista.com.br\/index.php?rest_route=\/wp\/v2\/posts\/30690\/revisions"}],"wp:featuredmedia":[{"embeddable":true,"href":"https:\/\/blitzconquista.com.br\/index.php?rest_route=\/"}],"wp:attachment":[{"href":"https:\/\/blitzconquista.com.br\/index.php?rest_route=%2Fwp%2Fv2%2Fmedia&parent=30690"}],"wp:term":[{"taxonomy":"category","embeddable":true,"href":"https:\/\/blitzconquista.com.br\/index.php?rest_route=%2Fwp%2Fv2%2Fcategories&post=30690"},{"taxonomy":"post_tag","embeddable":true,"href":"https:\/\/blitzconquista.com.br\/index.php?rest_route=%2Fwp%2Fv2%2Ftags&post=30690"}],"curies":[{"name":"wp","href":"https:\/\/api.w.org\/{rel}","templated":true}]}}