{"id":30705,"date":"2014-11-23T21:58:29","date_gmt":"2014-11-24T00:58:29","guid":{"rendered":"http:\/\/blitzconquista.com.br\/new\/?p=30705"},"modified":"2014-11-23T21:58:29","modified_gmt":"2014-11-24T00:58:29","slug":"escola-municipal-edivanda-realiza-projeto-da-semana-da-consciencia-negra","status":"publish","type":"post","link":"https:\/\/blitzconquista.com.br\/?p=30705","title":{"rendered":"Escola Municipal Edivanda realiza projeto da Semana da Consci\u00eancia Negra"},"content":{"rendered":"<p>Com o intu\u00eddo de refletir sobre a diversidade cultural, romper preconceitos e desmitificar estere\u00f3tipos relacionados a figura negra, a Escola Municipal Edivanda realizou uma semana de atividades com os alunos.<\/p>\n<p><a href=\"http:\/\/blitzconquista.com.br\/new\/?attachment_id=30706\" rel=\"attachment wp-att-30706\"><img decoding=\"async\" loading=\"lazy\" class=\"size-full wp-image-30706 aligncenter\" src=\"http:\/\/blitzconquista.com.br\/new\/wp-content\/uploads\/2014\/11\/20141122_100518.jpg\" alt=\"20141122_100518\" width=\"590\" height=\"354\" \/><\/a><\/p>\n<p>No dia de encerramento do projeto, s\u00e1bado, 22, os estudantes realizaram apresenta\u00e7\u00f5es em referencia a s\u00edmbolos da cultura negra.<\/p>\n<p><a href=\"http:\/\/blitzconquista.com.br\/new\/?attachment_id=30708\" rel=\"attachment wp-att-30708\"><img decoding=\"async\" loading=\"lazy\" class=\"size-full wp-image-30708 aligncenter\" src=\"http:\/\/blitzconquista.com.br\/new\/wp-content\/uploads\/2014\/11\/20141121_125728.jpg\" alt=\"20141121_125728\" width=\"590\" height=\"354\" \/><\/a><br \/>\nDe acordo com a diretora da institui\u00e7\u00e3o, Maria da Gloria, e da Coordenadora pedag\u00f3gica, Pollyana Andrade, foi trabalhado como pr\u00e9-requisito, o exerc\u00edcio da cidadania e a viv\u00eancia dos valores, com o resgate de personalidades negras que ajudaram\/ajudam a construir a hist\u00f3ria da Bahia e de Vit\u00f3ria da Conquista atrav\u00e9s da arte e da cultura.<\/p>\n<p><a href=\"http:\/\/blitzconquista.com.br\/new\/?attachment_id=30709\" rel=\"attachment wp-att-30709\"><img decoding=\"async\" loading=\"lazy\" class=\"size-full wp-image-30709 aligncenter\" src=\"http:\/\/blitzconquista.com.br\/new\/wp-content\/uploads\/2014\/11\/20141121_130422.jpg\" alt=\"20141121_130422\" width=\"590\" height=\"354\" \/><\/a><\/p>\n","protected":false},"excerpt":{"rendered":"<p>Com o intu\u00eddo de refletir sobre a diversidade cultural, romper preconceitos e desmitificar estere\u00f3tipos relacionados a figura negra, a Escola Municipal Edivanda realizou uma semana de atividades com os alunos. No dia de encerramento do projeto, s\u00e1bado, 22, os estudantes realizaram apresenta\u00e7\u00f5es em referencia a s\u00edmbolos da cultura negra. De acordo com a diretora da [&hellip;]<\/p>\n","protected":false},"author":1,"featured_media":30707,"comment_status":"open","ping_status":"closed","sticky":false,"template":"","format":"standard","meta":[],"categories":[28],"tags":[],"_links":{"self":[{"href":"https:\/\/blitzconquista.com.br\/index.php?rest_route=\/wp\/v2\/posts\/30705"}],"collection":[{"href":"https:\/\/blitzconquista.com.br\/index.php?rest_route=\/wp\/v2\/posts"}],"about":[{"href":"https:\/\/blitzconquista.com.br\/index.php?rest_route=\/wp\/v2\/types\/post"}],"author":[{"embeddable":true,"href":"https:\/\/blitzconquista.com.br\/index.php?rest_route=\/wp\/v2\/users\/1"}],"replies":[{"embeddable":true,"href":"https:\/\/blitzconquista.com.br\/index.php?rest_route=%2Fwp%2Fv2%2Fcomments&post=30705"}],"version-history":[{"count":0,"href":"https:\/\/blitzconquista.com.br\/index.php?rest_route=\/wp\/v2\/posts\/30705\/revisions"}],"wp:featuredmedia":[{"embeddable":true,"href":"https:\/\/blitzconquista.com.br\/index.php?rest_route=\/"}],"wp:attachment":[{"href":"https:\/\/blitzconquista.com.br\/index.php?rest_route=%2Fwp%2Fv2%2Fmedia&parent=30705"}],"wp:term":[{"taxonomy":"category","embeddable":true,"href":"https:\/\/blitzconquista.com.br\/index.php?rest_route=%2Fwp%2Fv2%2Fcategories&post=30705"},{"taxonomy":"post_tag","embeddable":true,"href":"https:\/\/blitzconquista.com.br\/index.php?rest_route=%2Fwp%2Fv2%2Ftags&post=30705"}],"curies":[{"name":"wp","href":"https:\/\/api.w.org\/{rel}","templated":true}]}}