{"id":30777,"date":"2014-11-25T19:49:17","date_gmt":"2014-11-25T22:49:17","guid":{"rendered":"http:\/\/blitzconquista.com.br\/new\/?p=30777"},"modified":"2014-11-25T19:49:17","modified_gmt":"2014-11-25T22:49:17","slug":"governo-lanca-campanha-contra-racismo-no-sus","status":"publish","type":"post","link":"https:\/\/blitzconquista.com.br\/?p=30777","title":{"rendered":"Governo lan\u00e7a campanha contra racismo no SUS"},"content":{"rendered":"<p>O Minist\u00e9rio da Sa\u00fade lan\u00e7ou, nesta ter\u00e7a-feira (25), a primeira campanha publicit\u00e1ria que busca envolver a popula\u00e7\u00e3o e os profissionais de sa\u00fade no enfrentamento ao racismo institucional. Com o slogan &#8220;Racismo faz mal \u00e0 sa\u00fade. Denuncie!&#8221;, a campanha visa a conscientizar a popula\u00e7\u00e3o de que a discrimina\u00e7\u00e3o racial tamb\u00e9m se manifesta na sa\u00fade.<br \/>\nA campanha prev\u00ea ainda que, por meio do Disque Sa\u00fade 136, as pessoas possam denunciar qualquer situa\u00e7\u00e3o de racismo que tenham presenciado, al\u00e9m de se informar sobre doen\u00e7as mais comuns entre a popula\u00e7\u00e3o negra e que exigem maior acompanhamento, como a doen\u00e7a falciforme e o diabetes tipo 2.<br \/>\nDados do Minist\u00e9rio da Sa\u00fade indicam que uma mulher negra recebe menos tempo de atendimento m\u00e9dico do que uma mulher branca. Os n\u00fameros mostram que, enquanto 46,2% das mulheres brancas tiveram acompanhante no parto, apenas 27% das negras utilizaram esse direito. Outro levantamento revela que 77,7% das mulheres brancas foram orientadas sobre a import\u00e2ncia do aleitamento materno, enquanto 62,5% das mulheres negras receberam essa informa\u00e7\u00e3o.<br \/>\nA campanha vai ser veiculada at\u00e9 o dia 30 de novembro. Ao todo, 260 mil cartazes e 260 mil folders v\u00e3o ser distribu\u00eddos nas unidades de sa\u00fade aos profissionais e \u00e0 popula\u00e7\u00e3o em geral.<\/p>\n<p>Foto: G1<\/p>\n","protected":false},"excerpt":{"rendered":"<p>O Minist\u00e9rio da Sa\u00fade lan\u00e7ou, nesta ter\u00e7a-feira (25), a primeira campanha publicit\u00e1ria que busca envolver a popula\u00e7\u00e3o e os profissionais de sa\u00fade no enfrentamento ao racismo institucional. Com o slogan &#8220;Racismo faz mal \u00e0 sa\u00fade. Denuncie!&#8221;, a campanha visa a conscientizar a popula\u00e7\u00e3o de que a discrimina\u00e7\u00e3o racial tamb\u00e9m se manifesta na sa\u00fade. A campanha [&hellip;]<\/p>\n","protected":false},"author":1,"featured_media":30778,"comment_status":"open","ping_status":"closed","sticky":false,"template":"","format":"standard","meta":[],"categories":[30],"tags":[],"_links":{"self":[{"href":"https:\/\/blitzconquista.com.br\/index.php?rest_route=\/wp\/v2\/posts\/30777"}],"collection":[{"href":"https:\/\/blitzconquista.com.br\/index.php?rest_route=\/wp\/v2\/posts"}],"about":[{"href":"https:\/\/blitzconquista.com.br\/index.php?rest_route=\/wp\/v2\/types\/post"}],"author":[{"embeddable":true,"href":"https:\/\/blitzconquista.com.br\/index.php?rest_route=\/wp\/v2\/users\/1"}],"replies":[{"embeddable":true,"href":"https:\/\/blitzconquista.com.br\/index.php?rest_route=%2Fwp%2Fv2%2Fcomments&post=30777"}],"version-history":[{"count":0,"href":"https:\/\/blitzconquista.com.br\/index.php?rest_route=\/wp\/v2\/posts\/30777\/revisions"}],"wp:featuredmedia":[{"embeddable":true,"href":"https:\/\/blitzconquista.com.br\/index.php?rest_route=\/"}],"wp:attachment":[{"href":"https:\/\/blitzconquista.com.br\/index.php?rest_route=%2Fwp%2Fv2%2Fmedia&parent=30777"}],"wp:term":[{"taxonomy":"category","embeddable":true,"href":"https:\/\/blitzconquista.com.br\/index.php?rest_route=%2Fwp%2Fv2%2Fcategories&post=30777"},{"taxonomy":"post_tag","embeddable":true,"href":"https:\/\/blitzconquista.com.br\/index.php?rest_route=%2Fwp%2Fv2%2Ftags&post=30777"}],"curies":[{"name":"wp","href":"https:\/\/api.w.org\/{rel}","templated":true}]}}