{"id":30786,"date":"2014-11-26T22:57:46","date_gmt":"2014-11-27T01:57:46","guid":{"rendered":"http:\/\/blitzconquista.com.br\/new\/?p=30786"},"modified":"2014-11-26T22:57:46","modified_gmt":"2014-11-27T01:57:46","slug":"cdl-elege-nova-diretoria","status":"publish","type":"post","link":"https:\/\/blitzconquista.com.br\/?p=30786","title":{"rendered":"CDL elege nova Diretoria"},"content":{"rendered":"<p>A empres\u00e1ria Cl\u00e1udia Dutra Melo Pereira, propriet\u00e1ria da Loja Plataforma By Cl\u00e1udia, foi eleita presidente da C\u00e2mara dos Dirigentes Lojistas (CDL) de Vit\u00f3ria da Conquista para o mandato do bi\u00eanio 2015\/2016. Cl\u00e1udia ser\u00e1 a primeira mulher no comando da CDL e vai suceder o Sr. Marcos Alberto de Oliveira das Virgens, propriet\u00e1rio da Mira Modas, presidente da entidade por quase 7 anos. A vota\u00e7\u00e3o foi encerrada \u00e0s 17 horas desta quarta-feira, 26, na sede da CDL, e contou com grande participa\u00e7\u00e3o dos associados efetivos (com direito a voto). A chapa eleita \u201cPela revitaliza\u00e7\u00e3o do Com\u00e9rcio e do Centro Comercial\u201d, \u00fanica inscrita para o processo eleitoral, \u00e9 composta por 20 empres\u00e1rios que atuam no com\u00e9rcio varejista na cidade, sendo quatro mulheres e 16 homens.<\/p>\n<figure id=\"attachment_30788\" aria-describedby=\"caption-attachment-30788\" style=\"width: 300px\" class=\"wp-caption alignright\"><a href=\"http:\/\/blitzconquista.com.br\/new\/?attachment_id=30788\" rel=\"attachment wp-att-30788\"><img decoding=\"async\" loading=\"lazy\" class=\"wp-image-30788 size-full\" src=\"http:\/\/blitzconquista.com.br\/new\/wp-content\/uploads\/2014\/11\/Sheyla_Cl\u00e1udia-300x2251.jpg\" alt=\"Sheyla_Cl\u00e1udia-300x225\" width=\"300\" height=\"225\" \/><\/a><figcaption id=\"caption-attachment-30788\" class=\"wp-caption-text\">Cl\u00e1udia Dutra e Sheyla Andrade, as a primeiras mulheres no comando da CDL de Conquista.<\/figcaption><\/figure>\n<p>Para a presidente eleita, que ficou \u00e0 frente da Associa\u00e7\u00e3o Comercial e Industrial \u2013 ACIVIC por quatro anos, a gest\u00e3o da CDL \u00e9 um novo desafio. \u201cVamos usar a nossa experi\u00eancia empresarial, experi\u00eancia como administradora de outra institui\u00e7\u00e3o, bem como, formar parcerias com as outras empreendedoras da linha de frente da nova diretoria e, ainda, a experi\u00eancia de mais 16 empres\u00e1rios, que refor\u00e7am a composi\u00e7\u00e3o da chapa. Inclusive, temos na composi\u00e7\u00e3o da nova diretoria, ex-presidentes da institui\u00e7\u00e3o que refor\u00e7am, ainda mais, a nossa inten\u00e7\u00e3o de buscar solu\u00e7\u00f5es para os problemas do com\u00e9rcio desta cidade. Desta forma, vamos buscar a revitaliza\u00e7\u00e3o do com\u00e9rcio e do Centro comercial que \u00e9 a nossa plataforma de trabalho.\u201d<\/p>\n<p>O atual presidente, Marcos Alberto, vai participar como diretor na nova gest\u00e3o. \u201cVamos continuar contribuindo para o fortalecimento da CDL e do com\u00e9rcio de Conquista. Mas a renova\u00e7\u00e3o \u00e9 importante e bastante salutar para a entidade, pois traz novas id\u00e9ias, novos comportamentos, novas cobran\u00e7as. Vejo a mudan\u00e7a de uma forma bastante positiva, enfatizando que a pr\u00f3xima administra\u00e7\u00e3o vai ser basicamente feminina: uma presidente e uma vice que, com certeza, ir\u00e3o contribuir muito para o crescimento da entidade.\u201d<\/p>\n<p>A cerim\u00f4nia de posse vai acontecer at\u00e9 o dia 15 de janeiro de 2015. *<em>Ascom CDL<\/em><\/p>\n","protected":false},"excerpt":{"rendered":"<p>A empres\u00e1ria Cl\u00e1udia Dutra Melo Pereira, propriet\u00e1ria da Loja Plataforma By Cl\u00e1udia, foi eleita presidente da C\u00e2mara dos Dirigentes Lojistas (CDL) de Vit\u00f3ria da Conquista para o mandato do bi\u00eanio 2015\/2016. Cl\u00e1udia ser\u00e1 a primeira mulher no comando da CDL e vai suceder o Sr. Marcos Alberto de Oliveira das Virgens, propriet\u00e1rio da Mira Modas, [&hellip;]<\/p>\n","protected":false},"author":1,"featured_media":30789,"comment_status":"open","ping_status":"closed","sticky":false,"template":"","format":"standard","meta":[],"categories":[4],"tags":[],"_links":{"self":[{"href":"https:\/\/blitzconquista.com.br\/index.php?rest_route=\/wp\/v2\/posts\/30786"}],"collection":[{"href":"https:\/\/blitzconquista.com.br\/index.php?rest_route=\/wp\/v2\/posts"}],"about":[{"href":"https:\/\/blitzconquista.com.br\/index.php?rest_route=\/wp\/v2\/types\/post"}],"author":[{"embeddable":true,"href":"https:\/\/blitzconquista.com.br\/index.php?rest_route=\/wp\/v2\/users\/1"}],"replies":[{"embeddable":true,"href":"https:\/\/blitzconquista.com.br\/index.php?rest_route=%2Fwp%2Fv2%2Fcomments&post=30786"}],"version-history":[{"count":0,"href":"https:\/\/blitzconquista.com.br\/index.php?rest_route=\/wp\/v2\/posts\/30786\/revisions"}],"wp:featuredmedia":[{"embeddable":true,"href":"https:\/\/blitzconquista.com.br\/index.php?rest_route=\/"}],"wp:attachment":[{"href":"https:\/\/blitzconquista.com.br\/index.php?rest_route=%2Fwp%2Fv2%2Fmedia&parent=30786"}],"wp:term":[{"taxonomy":"category","embeddable":true,"href":"https:\/\/blitzconquista.com.br\/index.php?rest_route=%2Fwp%2Fv2%2Fcategories&post=30786"},{"taxonomy":"post_tag","embeddable":true,"href":"https:\/\/blitzconquista.com.br\/index.php?rest_route=%2Fwp%2Fv2%2Ftags&post=30786"}],"curies":[{"name":"wp","href":"https:\/\/api.w.org\/{rel}","templated":true}]}}