{"id":30802,"date":"2014-11-26T23:18:53","date_gmt":"2014-11-27T02:18:53","guid":{"rendered":"http:\/\/blitzconquista.com.br\/new\/?p=30802"},"modified":"2014-11-26T23:18:53","modified_gmt":"2014-11-27T02:18:53","slug":"radialista-nildo-freitas-recebe-homenagem-da-camara-municipal","status":"publish","type":"post","link":"https:\/\/blitzconquista.com.br\/?p=30802","title":{"rendered":"Radialista Nildo Freitas recebe homenagem da C\u00e2mara Municipal"},"content":{"rendered":"<p>Na manh\u00e3 desta quarta-feira (26), durante a sess\u00e3o ordin\u00e1ria da C\u00e2mara de Vereadores o Radialista Nildo Freitas da Brasil Fm, recebeu uma Mo\u00e7\u00e3o de Aplauso da C\u00e2mara Municipal de Vit\u00f3ria da Conquista. O autor da Mo\u00e7\u00e3o foi o vereador C\u00edcero Cust\u00f3dio, que homenagea o radialista pelos 28 anos de atua\u00e7\u00e3o no r\u00e1dio conquistense.<br \/>\nDurante o seu discurso Nildo Freitas agradeceu a Deus, \u00e0 sua fam\u00edlia e aos ouvintes que o acompanha ao longo desses 28 anos. Por fim tamb\u00e9m agradeceu ao vereador C\u00edcero Cust\u00f3dio e \u00e0 C\u00e2mara, pelo reconhecimento ao trabalho prestado por ele. \u201cAdmiro e respeito o trabalho e a seriedade do vereador C\u00edcero e desta Casa, n\u00e3o apenas pela homenagem que recebemos hoje, mas, sobretudo, pelas a\u00e7\u00f5es desenvolvidas aqui\u201d.<\/p>\n","protected":false},"excerpt":{"rendered":"<p>Na manh\u00e3 desta quarta-feira (26), durante a sess\u00e3o ordin\u00e1ria da C\u00e2mara de Vereadores o Radialista Nildo Freitas da Brasil Fm, recebeu uma Mo\u00e7\u00e3o de Aplauso da C\u00e2mara Municipal de Vit\u00f3ria da Conquista. O autor da Mo\u00e7\u00e3o foi o vereador C\u00edcero Cust\u00f3dio, que homenagea o radialista pelos 28 anos de atua\u00e7\u00e3o no r\u00e1dio conquistense. Durante o [&hellip;]<\/p>\n","protected":false},"author":1,"featured_media":30803,"comment_status":"open","ping_status":"closed","sticky":false,"template":"","format":"standard","meta":[],"categories":[4],"tags":[],"_links":{"self":[{"href":"https:\/\/blitzconquista.com.br\/index.php?rest_route=\/wp\/v2\/posts\/30802"}],"collection":[{"href":"https:\/\/blitzconquista.com.br\/index.php?rest_route=\/wp\/v2\/posts"}],"about":[{"href":"https:\/\/blitzconquista.com.br\/index.php?rest_route=\/wp\/v2\/types\/post"}],"author":[{"embeddable":true,"href":"https:\/\/blitzconquista.com.br\/index.php?rest_route=\/wp\/v2\/users\/1"}],"replies":[{"embeddable":true,"href":"https:\/\/blitzconquista.com.br\/index.php?rest_route=%2Fwp%2Fv2%2Fcomments&post=30802"}],"version-history":[{"count":0,"href":"https:\/\/blitzconquista.com.br\/index.php?rest_route=\/wp\/v2\/posts\/30802\/revisions"}],"wp:featuredmedia":[{"embeddable":true,"href":"https:\/\/blitzconquista.com.br\/index.php?rest_route=\/"}],"wp:attachment":[{"href":"https:\/\/blitzconquista.com.br\/index.php?rest_route=%2Fwp%2Fv2%2Fmedia&parent=30802"}],"wp:term":[{"taxonomy":"category","embeddable":true,"href":"https:\/\/blitzconquista.com.br\/index.php?rest_route=%2Fwp%2Fv2%2Fcategories&post=30802"},{"taxonomy":"post_tag","embeddable":true,"href":"https:\/\/blitzconquista.com.br\/index.php?rest_route=%2Fwp%2Fv2%2Ftags&post=30802"}],"curies":[{"name":"wp","href":"https:\/\/api.w.org\/{rel}","templated":true}]}}